{"id":1518,"date":"2014-03-04T10:11:39","date_gmt":"2014-03-04T09:11:39","guid":{"rendered":"http:\/\/theatre-en-liberte.com\/blog\/?p=1518"},"modified":"2014-03-07T17:30:56","modified_gmt":"2014-03-07T16:30:56","slug":"moins-2-au-festival-eclairs-de-theatre","status":"publish","type":"post","link":"https:\/\/theatre-en-liberte.com\/blog\/moins-2-au-festival-eclairs-de-theatre\/","title":{"rendered":"Moins 2 au Festival Eclairs de Th\u00e9\u00e2tre"},"content":{"rendered":"<p>Le Th\u00e9\u00e2tre en Libert\u00e9 est heureux de vous annoncer une prochaine date pour notre cr\u00e9ation \u00ab\u00a0<a title=\"Cr\u00e9ation 2012-13 : Moins 2\" href=\"http:\/\/theatre-en-liberte.com\/blog\/creation-2012-13-moins-2\/\">Moins 2<\/a>\u00ab\u00a0.<\/p>\n<p>Nous jouerons \u00e0 <strong>La Baule<\/strong> dans le cadre du <strong>Festival Eclairs de Th\u00e9\u00e2tre<\/strong>, le <strong>samedi 22 mars 2014 \u00e0 20h30<\/strong>.<\/p>\n<h2>Informations pratiques<\/h2>\n<p><strong>Lieu :\u00a0<\/strong><br \/>\n<a href=\"https:\/\/plus.google.com\/115630501266253668916\/about?gl=fr&amp;hl=fr\" target=\"_blank\">MJC de la Baule<br \/>\n<\/a>Place des Salines<br \/>\n44500 Baule Escoublac<\/p>\n<p><strong>Billetterie :\u00a0<\/strong><br \/>\nInfos et r\u00e9servations au 02 40 60 37 15<\/p>\n<p><strong>Tarif :<\/strong><a href=\"https:\/\/plus.google.com\/112053652151528771294\/about?gl=fr&amp;hl=fr\" target=\"_blank\"><br \/>\n<\/a>1 spectacle : 7\u20ac<br \/>\n2 spectacles dans la m\u00eame soir\u00e9e : 14\u20ac<br \/>\nLa d\u00e9gustation d&rsquo;\u00e9clairs est incluse.<br \/>\nTarifs r\u00e9duits pour les ch\u00f4meurs, lyc\u00e9ens, adh\u00e9rents MJC : 1 spectacle 6\u20ac et 12\u20ac les 2.<\/p>\n<p><a href=\"http:\/\/theatre-en-liberte.com\/blog\/wp-content\/uploads\/festival-eclairs-de-theatre-2014-01.jpg\"><img loading=\"lazy\" decoding=\"async\" class=\"aligncenter size-large wp-image-1524\" alt=\"festival-eclairs-de-theatre-2014-01\" src=\"http:\/\/theatre-en-liberte.com\/blog\/wp-content\/uploads\/festival-eclairs-de-theatre-2014-01-700x490.jpg\" width=\"660\" height=\"462\" \/><\/a> <a href=\"http:\/\/theatre-en-liberte.com\/blog\/wp-content\/uploads\/festival-eclairs-de-theatre-2014-02.jpg\"><img loading=\"lazy\" decoding=\"async\" class=\"aligncenter size-large wp-image-1525\" alt=\"festival-eclairs-de-theatre-2014-02\" src=\"http:\/\/theatre-en-liberte.com\/blog\/wp-content\/uploads\/festival-eclairs-de-theatre-2014-02-700x487.jpg\" width=\"660\" height=\"459\" \/><\/a><\/p>\n","protected":false},"excerpt":{"rendered":"<p>Le Th\u00e9\u00e2tre en Libert\u00e9 est heureux de vous annoncer une prochaine date pour notre cr\u00e9ation \u00ab\u00a0Moins 2\u00ab\u00a0. Nous jouerons \u00e0 La Baule dans le cadre du Festival Eclairs de Th\u00e9\u00e2tre, le samedi 22 mars&#46;&#46;&#46;<\/p>\n","protected":false},"author":1,"featured_media":938,"comment_status":"open","ping_status":"open","sticky":false,"template":"","format":"standard","meta":{"_monsterinsights_skip_tracking":false,"_monsterinsights_sitenote_active":false,"_monsterinsights_sitenote_note":"","_monsterinsights_sitenote_category":0,"footnotes":""},"categories":[2],"tags":[],"class_list":["post-1518","post","type-post","status-publish","format-standard","has-post-thumbnail","hentry","category-moins-2"],"_links":{"self":[{"href":"https:\/\/theatre-en-liberte.com\/blog\/wp-json\/wp\/v2\/posts\/1518","targetHints":{"allow":["GET"]}}],"collection":[{"href":"https:\/\/theatre-en-liberte.com\/blog\/wp-json\/wp\/v2\/posts"}],"about":[{"href":"https:\/\/theatre-en-liberte.com\/blog\/wp-json\/wp\/v2\/types\/post"}],"author":[{"embeddable":true,"href":"https:\/\/theatre-en-liberte.com\/blog\/wp-json\/wp\/v2\/users\/1"}],"replies":[{"embeddable":true,"href":"https:\/\/theatre-en-liberte.com\/blog\/wp-json\/wp\/v2\/comments?post=1518"}],"version-history":[{"count":6,"href":"https:\/\/theatre-en-liberte.com\/blog\/wp-json\/wp\/v2\/posts\/1518\/revisions"}],"predecessor-version":[{"id":1527,"href":"https:\/\/theatre-en-liberte.com\/blog\/wp-json\/wp\/v2\/posts\/1518\/revisions\/1527"}],"wp:featuredmedia":[{"embeddable":true,"href":"https:\/\/theatre-en-liberte.com\/blog\/wp-json\/wp\/v2\/media\/938"}],"wp:attachment":[{"href":"https:\/\/theatre-en-liberte.com\/blog\/wp-json\/wp\/v2\/media?parent=1518"}],"wp:term":[{"taxonomy":"category","embeddable":true,"href":"https:\/\/theatre-en-liberte.com\/blog\/wp-json\/wp\/v2\/categories?post=1518"},{"taxonomy":"post_tag","embeddable":true,"href":"https:\/\/theatre-en-liberte.com\/blog\/wp-json\/wp\/v2\/tags?post=1518"}],"curies":[{"name":"wp","href":"https:\/\/api.w.org\/{rel}","templated":true}]}}