{"id":1626,"date":"2014-05-07T14:52:22","date_gmt":"2014-05-07T12:52:22","guid":{"rendered":"http:\/\/theatre-en-liberte.com\/blog\/?p=1626"},"modified":"2018-05-17T15:18:34","modified_gmt":"2018-05-17T13:18:34","slug":"creation-2014-15-le-colonel-oiseau","status":"publish","type":"post","link":"https:\/\/theatre-en-liberte.com\/blog\/creation-2014-15-le-colonel-oiseau\/","title":{"rendered":"Cr\u00e9ation 2014-15 : Le Colonel Oiseau"},"content":{"rendered":"<p><img loading=\"lazy\" decoding=\"async\" class=\"aligncenter wp-image-2009 size-full\" src=\"http:\/\/theatre-en-liberte.com\/blog\/wp-content\/uploads\/bandeau-1080x280-le-colonel-oiseau1.jpg\" alt=\"A_40x60 OK\" width=\"1080\" height=\"280\" srcset=\"https:\/\/theatre-en-liberte.com\/blog\/wp-content\/uploads\/bandeau-1080x280-le-colonel-oiseau1.jpg 1080w, https:\/\/theatre-en-liberte.com\/blog\/wp-content\/uploads\/bandeau-1080x280-le-colonel-oiseau1-300x78.jpg 300w, https:\/\/theatre-en-liberte.com\/blog\/wp-content\/uploads\/bandeau-1080x280-le-colonel-oiseau1-768x199.jpg 768w, https:\/\/theatre-en-liberte.com\/blog\/wp-content\/uploads\/bandeau-1080x280-le-colonel-oiseau1-700x181.jpg 700w, https:\/\/theatre-en-liberte.com\/blog\/wp-content\/uploads\/bandeau-1080x280-le-colonel-oiseau1-600x156.jpg 600w\" sizes=\"auto, (max-width: 1080px) 100vw, 1080px\" \/><\/p>\n<p><strong>Le Th\u00e9\u00e2tre en libert\u00e9 est heureux de vous pr\u00e9senter sa nouvelle\u00a0cr\u00e9ation, Le Colonel Oiseau, dont les repr\u00e9sentations commenceront en janvier 2015&#8230;<\/strong><\/p>\n<h2>La pi\u00e8ce<\/h2>\n<p><a href=\"http:\/\/theatre-en-liberte.com\/blog\/wp-content\/uploads\/2014-le-colonel-oiseau.jpg\"><img loading=\"lazy\" decoding=\"async\" class=\"alignright size-medium wp-image-2652\" src=\"http:\/\/theatre-en-liberte.com\/blog\/wp-content\/uploads\/2014-le-colonel-oiseau-201x300.jpg\" alt=\"Affiche Le Colonel Oiseau\" width=\"201\" height=\"300\" srcset=\"https:\/\/theatre-en-liberte.com\/blog\/wp-content\/uploads\/2014-le-colonel-oiseau-201x300.jpg 201w, https:\/\/theatre-en-liberte.com\/blog\/wp-content\/uploads\/2014-le-colonel-oiseau-768x1148.jpg 768w, https:\/\/theatre-en-liberte.com\/blog\/wp-content\/uploads\/2014-le-colonel-oiseau-700x1046.jpg 700w, https:\/\/theatre-en-liberte.com\/blog\/wp-content\/uploads\/2014-le-colonel-oiseau-600x897.jpg 600w, https:\/\/theatre-en-liberte.com\/blog\/wp-content\/uploads\/2014-le-colonel-oiseau-187x280.jpg 187w, https:\/\/theatre-en-liberte.com\/blog\/wp-content\/uploads\/2014-le-colonel-oiseau.jpg 803w\" sizes=\"auto, (max-width: 201px) 100vw, 201px\" \/><\/a>Au milieu des Balkans, rang\u00e9s l\u00e0 o\u00f9 ils ne d\u00e9rangent personne, huit \u201cfous\u201d se voient sortir de leur condition par le parachutage d\u2019aide humanitaire des Nations Unies originellement destin\u00e9e aux forces arm\u00e9es autour de Sarajevo. Ce \u201cdon du ciel\u201d va tout bouleverser&#8230; L\u00e0 commence une folle \u00e9vasion.<\/p>\n<h3 style=\"text-align: center;\">\u00ab\u00a0Il n&rsquo;y a que l&rsquo;homme et l&rsquo;oiseau qui peuvent voler ; l&rsquo;oiseau avec ses ailes, l&rsquo;homme avec son esprit.\u00a0\u00bb<\/h3>\n<p>Avec finesse et humour, le Colonel Oiseau pose la question de la place de chacun, non pas au sein d&rsquo;une soci\u00e9t\u00e9 donn\u00e9e, mais au sein de l&rsquo;humanit\u00e9 elle-m\u00eame. Comment survivre au milieu des autres ? Faut-il s&rsquo;exclure du monde, se battre contre lui pour rester soi-m\u00eame ou se fondre dans la masse pour \u00e9viter les probl\u00e8mes ?<\/p>\n<p><a href=\"http:\/\/theatre-en-liberte.com\/blog\/wp-content\/uploads\/le-colonel-oiseau-ambiance-01.jpg\"><img loading=\"lazy\" decoding=\"async\" class=\"alignright wp-image-1635 size-medium\" src=\"http:\/\/theatre-en-liberte.com\/blog\/wp-content\/uploads\/le-colonel-oiseau-ambiance-01-300x207.jpg\" alt=\"le-colonel-oiseau-ambiance-01\" width=\"300\" height=\"207\" srcset=\"https:\/\/theatre-en-liberte.com\/blog\/wp-content\/uploads\/le-colonel-oiseau-ambiance-01-300x207.jpg 300w, https:\/\/theatre-en-liberte.com\/blog\/wp-content\/uploads\/le-colonel-oiseau-ambiance-01-768x530.jpg 768w, https:\/\/theatre-en-liberte.com\/blog\/wp-content\/uploads\/le-colonel-oiseau-ambiance-01-700x483.jpg 700w, https:\/\/theatre-en-liberte.com\/blog\/wp-content\/uploads\/le-colonel-oiseau-ambiance-01-600x414.jpg 600w, https:\/\/theatre-en-liberte.com\/blog\/wp-content\/uploads\/le-colonel-oiseau-ambiance-01-406x280.jpg 406w, https:\/\/theatre-en-liberte.com\/blog\/wp-content\/uploads\/le-colonel-oiseau-ambiance-01.jpg 1200w\" sizes=\"auto, (max-width: 300px) 100vw, 300px\" \/><\/a><\/p>\n<p>Une pi\u00e8ce dr\u00f4le et forte sur le droit \u00e0 la diff\u00e9rence, les m\u00e9canismes du pouvoir et une critique virulente de l&rsquo;attitude des Communaut\u00e9s Europ\u00e9ennes, \u00e0 l&rsquo;\u00e9gard des pays de l&rsquo;Est.<\/p>\n<p>Entre cris d\u2019espoir, fantaisie, tendresse et po\u00e9sie&#8230;<\/p>\n<h2>L&rsquo;auteur<\/h2>\n<p>Le Colonel Oiseau est une pi\u00e8ce de\u00a0<strong>Hristo Boytchev<\/strong>,\u00a0<span style=\"color: #222222;\">auteur dramatique bulgare n\u00e9 en 1950. Il est le principal repr\u00e9sentant du th\u00e9\u00e2tre bulgare contemporain dont les pi\u00e8ces ont acquis une renomm\u00e9e internationale.<\/span><\/p>\n<p>il\u00a0a d\u2019abord fait des \u00e9tudes pour devenir ing\u00e9nieur, profession qu\u2019il exerce jusqu\u2019en 1985 en Bulgarie. En 1984, la cr\u00e9ation de sa premi\u00e8re pi\u00e8ce l\u2019incite \u00e0 entreprendre des \u00e9tudes th\u00e9\u00e2trales \u00e0 l&rsquo;Institut National d&rsquo;\u00e9tudes th\u00e9\u00e2trales et cin\u00e9matographiques de Sofia. Pendant cette p\u00e9riode, il cr\u00e9e quatre nouvelles pi\u00e8ces : <em>Dynamite \u00e0 bord,<\/em> <em>\u00c9tat de guerre<\/em>, <em>Terminus<\/em>, <em>Comme disent les Fran\u00e7ais<\/em>. Cette derni\u00e8re lui vaut le prix de jeune dramaturge, d\u00e9cern\u00e9 \u00e0 Moscou en 1986. \u00c0 partir de cette \u00e9poque, ses pi\u00e8ces sont r\u00e9guli\u00e8rement jou\u00e9es sur les sc\u00e8ne bulgare. En 1995-1996, il \u00e9crit la pi\u00e8ce <em>Le Colonel-Oiseau<\/em> qui lui vaut sa renomm\u00e9e \u00e0 l\u2019\u00e9tranger lors de sa cr\u00e9ation en 1997.<\/p>\n<h2>Nos repr\u00e9sentations<\/h2>\n<ul>\n<li><del><strong>Vendredi 16 janvier 2015\u00a0<\/strong>(20h30)<strong>, samedi 17\u00a0<\/strong>(20h30)\u00a0<strong>et dimanche 18\u00a0<\/strong>(15h00)<\/del> \u00e0 Haute-Goulaine (<a href=\"http:\/\/www.lequatrain.fr\/\">Le Quatrain<\/a>)<\/li>\n<li><del><strong>Vendredi 27 f\u00e9vrier 2015\u00a0<\/strong>(20h30),<strong>\u00a0samedi 28\u00a0<\/strong>(20h30)\u00a0<strong>et dimanche 1er mars <\/strong>(15h00)<\/del> \u00e0 Haute-Goulaine (<a href=\"http:\/\/www.chateaudegoulaine.fr\/\" target=\"_blank\" rel=\"noopener noreferrer\">Ch\u00e2teau de Goulaine<\/a>)<\/li>\n<li><del><strong>Samedi 16 mai 2015<\/strong> (20h30)<\/del> \u00e0 Josselin dans le cadre du Festival organis\u00e9 par <a href=\"http:\/\/www.adec56.org\/spip\/spip.php\" target=\"_blank\" rel=\"noopener noreferrer\">l&rsquo;Adec56<\/a><\/li>\n<li><del><strong>Samedi 4 juillet 2015<\/strong> (20h30)<\/del>, <span style=\"color: #ff0000;\"><strong><a style=\"color: #ff0000;\" href=\"http:\/\/theatre-en-liberte.com\/blog\/lanester-56-juillet-2015\/\">Prix de la Ville<\/a><\/strong><\/span>,\u00a0\u00e0 Lanester dans le cadre du <a href=\"http:\/\/festival.kerhervy.com\/\" target=\"_blank\" rel=\"noopener noreferrer\">Festival de Kerhervy<\/a><\/li>\n<li><del><strong>Vendredi 25 mars 2016<\/strong> (14h00)<\/del>\u00a0\u00e0 Cour &amp; Jardin, repr\u00e9sentation priv\u00e9e (adh\u00e9rents, associations vertaviennes)<\/li>\n<li><del><strong>Vendredi 8 avril 2016<\/strong> (16h00)<\/del>\u00a0<span style=\"color: #ff0000;\"><strong><a style=\"color: #ff0000;\" href=\"http:\/\/theatre-en-liberte.com\/blog\/cholet-49-avril-2016\/\">Arlequin d&rsquo;Or<\/a><\/strong><\/span> \u00e0 Cholet au Th\u00e9\u00e2tre Saint Louis dans le cadre du <a href=\"http:\/\/www.cholet.fr\/welcome\/arlequins.php\">Festival des Arlequins<\/a><\/li>\n<li><del><strong>Dimanche 19 mars 2017<\/strong><del> (16h00)<\/del><\/del>\u00a0\u00e0 Saint Vincent des Landes dans le cadre du 10e\u00a0Festival \u00ab\u00a0Th\u00e9\u00e2tre au Pays de la M\u00e9e\u00a0\u00bb<\/li>\n<li><del><strong>Jeudi 12 octobre 2017<\/strong><del> (16h00)<\/del><\/del>\u00a0<strong><a href=\"http:\/\/theatre-en-liberte.com\/blog\/fribourg-suisse-octobre-2017\/\"><span style=\"color: #ff0000;\">Prix de la mise en sc\u00e8ne<\/span><\/a>\u00a0<\/strong>et\u00a0<strong><a href=\"http:\/\/theatre-en-liberte.com\/blog\/fribourg-suisse-octobre-2017\/\"><span style=\"color: #ff0000;\">Prix de l&rsquo;interpr\u00e9tation collective<\/span><\/a>\u00a0<\/strong>\u00e0 Fribourg dans le cadre du 10e <a href=\"http:\/\/www.friscenes.ch\">Festival Frisc\u00e8nes<\/a><\/li>\n<li><del><strong>Vendredi 11 mai 2018\u00a0<\/strong>(21h00)<\/del> <a href=\"http:\/\/theatre-en-liberte.com\/blog\/cahors-46-mai-2018\/\"><span style=\"color: #ff0000;\"><strong>Prix du Jury Jeunes<\/strong><\/span><\/a> \u00e0 l&rsquo;occasion du <a href=\"http:\/\/festivaldetheatre.wixsite.com\/cahors\">25e Festival r\u00e9gional de Th\u00e9\u00e2tre amateur de Cahors<\/a><\/li>\n<li><strong>D\u2019autres dates \u00e0 venir&#8230;<\/strong> surveillez le site du Th\u00e9\u00e2tre en Libert\u00e9 et inscrivez-vous \u00e0 notre newsletter !<\/li>\n<\/ul>\n<h2>Galerie photo<\/h2>\n<p><a href=\"http:\/\/theatre-en-liberte.com\/blog\/wp-content\/uploads\/2014-le-colonel-oiseau-01.jpg\"><img loading=\"lazy\" decoding=\"async\" class=\"alignnone size-large wp-image-2615\" src=\"http:\/\/theatre-en-liberte.com\/blog\/wp-content\/uploads\/2014-le-colonel-oiseau-01-700x1166.jpg\" alt=\"2014-le-colonel-oiseau-01\" width=\"660\" height=\"1099\" \/><\/a><\/p>\n<p><a href=\"http:\/\/theatre-en-liberte.com\/blog\/wp-content\/uploads\/2014-le-colonel-oiseau-03.jpg\"><img loading=\"lazy\" decoding=\"async\" class=\"alignnone size-thumbnail wp-image-2435\" src=\"http:\/\/theatre-en-liberte.com\/blog\/wp-content\/uploads\/2014-le-colonel-oiseau-03-150x150.jpg\" alt=\"2014-le-colonel-oiseau-03\" width=\"150\" height=\"150\" srcset=\"https:\/\/theatre-en-liberte.com\/blog\/wp-content\/uploads\/2014-le-colonel-oiseau-03-150x150.jpg 150w, https:\/\/theatre-en-liberte.com\/blog\/wp-content\/uploads\/2014-le-colonel-oiseau-03-160x160.jpg 160w, https:\/\/theatre-en-liberte.com\/blog\/wp-content\/uploads\/2014-le-colonel-oiseau-03-320x320.jpg 320w\" sizes=\"auto, (max-width: 150px) 100vw, 150px\" \/><\/a> <a href=\"http:\/\/theatre-en-liberte.com\/blog\/wp-content\/uploads\/2014-le-colonel-oiseau-02.jpg\"><img loading=\"lazy\" decoding=\"async\" class=\"alignnone size-thumbnail wp-image-2434\" src=\"http:\/\/theatre-en-liberte.com\/blog\/wp-content\/uploads\/2014-le-colonel-oiseau-02-150x150.jpg\" alt=\"2014-le-colonel-oiseau-02\" width=\"150\" height=\"150\" srcset=\"https:\/\/theatre-en-liberte.com\/blog\/wp-content\/uploads\/2014-le-colonel-oiseau-02-150x150.jpg 150w, https:\/\/theatre-en-liberte.com\/blog\/wp-content\/uploads\/2014-le-colonel-oiseau-02-160x160.jpg 160w, https:\/\/theatre-en-liberte.com\/blog\/wp-content\/uploads\/2014-le-colonel-oiseau-02-320x320.jpg 320w\" sizes=\"auto, (max-width: 150px) 100vw, 150px\" \/><\/a> <a href=\"http:\/\/theatre-en-liberte.com\/blog\/wp-content\/uploads\/2014-le-colonel-oiseau-11.jpg\"><img loading=\"lazy\" decoding=\"async\" class=\"alignnone size-thumbnail wp-image-2432\" src=\"http:\/\/theatre-en-liberte.com\/blog\/wp-content\/uploads\/2014-le-colonel-oiseau-11-150x150.jpg\" alt=\"2014-le-colonel-oiseau-11\" width=\"150\" height=\"150\" srcset=\"https:\/\/theatre-en-liberte.com\/blog\/wp-content\/uploads\/2014-le-colonel-oiseau-11-150x150.jpg 150w, https:\/\/theatre-en-liberte.com\/blog\/wp-content\/uploads\/2014-le-colonel-oiseau-11-160x160.jpg 160w, https:\/\/theatre-en-liberte.com\/blog\/wp-content\/uploads\/2014-le-colonel-oiseau-11-320x320.jpg 320w\" sizes=\"auto, (max-width: 150px) 100vw, 150px\" \/><\/a> <a href=\"http:\/\/theatre-en-liberte.com\/blog\/wp-content\/uploads\/2014-le-colonel-oiseau-10.jpg\"><img loading=\"lazy\" decoding=\"async\" class=\"alignnone size-thumbnail wp-image-2431\" src=\"http:\/\/theatre-en-liberte.com\/blog\/wp-content\/uploads\/2014-le-colonel-oiseau-10-150x150.jpg\" alt=\"2014-le-colonel-oiseau-10\" width=\"150\" height=\"150\" srcset=\"https:\/\/theatre-en-liberte.com\/blog\/wp-content\/uploads\/2014-le-colonel-oiseau-10-150x150.jpg 150w, https:\/\/theatre-en-liberte.com\/blog\/wp-content\/uploads\/2014-le-colonel-oiseau-10-160x160.jpg 160w, https:\/\/theatre-en-liberte.com\/blog\/wp-content\/uploads\/2014-le-colonel-oiseau-10-320x320.jpg 320w\" sizes=\"auto, (max-width: 150px) 100vw, 150px\" \/><\/a> <a href=\"http:\/\/theatre-en-liberte.com\/blog\/wp-content\/uploads\/2014-le-colonel-oiseau-09.jpg\"><img loading=\"lazy\" decoding=\"async\" class=\"alignnone size-thumbnail wp-image-2430\" src=\"http:\/\/theatre-en-liberte.com\/blog\/wp-content\/uploads\/2014-le-colonel-oiseau-09-150x150.jpg\" alt=\"2014-le-colonel-oiseau-09\" width=\"150\" height=\"150\" srcset=\"https:\/\/theatre-en-liberte.com\/blog\/wp-content\/uploads\/2014-le-colonel-oiseau-09-150x150.jpg 150w, https:\/\/theatre-en-liberte.com\/blog\/wp-content\/uploads\/2014-le-colonel-oiseau-09-160x160.jpg 160w, https:\/\/theatre-en-liberte.com\/blog\/wp-content\/uploads\/2014-le-colonel-oiseau-09-320x320.jpg 320w\" sizes=\"auto, (max-width: 150px) 100vw, 150px\" \/><\/a> <a href=\"http:\/\/theatre-en-liberte.com\/blog\/wp-content\/uploads\/2014-le-colonel-oiseau-08.jpg\"><img loading=\"lazy\" decoding=\"async\" class=\"alignnone size-thumbnail wp-image-2429\" src=\"http:\/\/theatre-en-liberte.com\/blog\/wp-content\/uploads\/2014-le-colonel-oiseau-08-150x150.jpg\" alt=\"2014-le-colonel-oiseau-08\" width=\"150\" height=\"150\" srcset=\"https:\/\/theatre-en-liberte.com\/blog\/wp-content\/uploads\/2014-le-colonel-oiseau-08-150x150.jpg 150w, https:\/\/theatre-en-liberte.com\/blog\/wp-content\/uploads\/2014-le-colonel-oiseau-08-160x160.jpg 160w, https:\/\/theatre-en-liberte.com\/blog\/wp-content\/uploads\/2014-le-colonel-oiseau-08-320x320.jpg 320w\" sizes=\"auto, (max-width: 150px) 100vw, 150px\" \/><\/a> <a href=\"http:\/\/theatre-en-liberte.com\/blog\/wp-content\/uploads\/2014-le-colonel-oiseau-07.jpg\"><img loading=\"lazy\" decoding=\"async\" class=\"alignnone size-thumbnail wp-image-2428\" src=\"http:\/\/theatre-en-liberte.com\/blog\/wp-content\/uploads\/2014-le-colonel-oiseau-07-150x150.jpg\" alt=\"2014-le-colonel-oiseau-07\" width=\"150\" height=\"150\" srcset=\"https:\/\/theatre-en-liberte.com\/blog\/wp-content\/uploads\/2014-le-colonel-oiseau-07-150x150.jpg 150w, https:\/\/theatre-en-liberte.com\/blog\/wp-content\/uploads\/2014-le-colonel-oiseau-07-160x160.jpg 160w, https:\/\/theatre-en-liberte.com\/blog\/wp-content\/uploads\/2014-le-colonel-oiseau-07-320x320.jpg 320w\" sizes=\"auto, (max-width: 150px) 100vw, 150px\" \/><\/a> <a href=\"http:\/\/theatre-en-liberte.com\/blog\/wp-content\/uploads\/2014-le-colonel-oiseau-06.jpg\"><img loading=\"lazy\" decoding=\"async\" class=\"alignnone size-thumbnail wp-image-2427\" src=\"http:\/\/theatre-en-liberte.com\/blog\/wp-content\/uploads\/2014-le-colonel-oiseau-06-150x150.jpg\" alt=\"2014-le-colonel-oiseau-06\" width=\"150\" height=\"150\" srcset=\"https:\/\/theatre-en-liberte.com\/blog\/wp-content\/uploads\/2014-le-colonel-oiseau-06-150x150.jpg 150w, https:\/\/theatre-en-liberte.com\/blog\/wp-content\/uploads\/2014-le-colonel-oiseau-06-160x160.jpg 160w, https:\/\/theatre-en-liberte.com\/blog\/wp-content\/uploads\/2014-le-colonel-oiseau-06-320x320.jpg 320w\" sizes=\"auto, (max-width: 150px) 100vw, 150px\" \/><\/a> <a href=\"http:\/\/theatre-en-liberte.com\/blog\/wp-content\/uploads\/2014-le-colonel-oiseau-05.jpg\"><img loading=\"lazy\" decoding=\"async\" class=\"alignnone size-thumbnail wp-image-2426\" src=\"http:\/\/theatre-en-liberte.com\/blog\/wp-content\/uploads\/2014-le-colonel-oiseau-05-150x150.jpg\" alt=\"2014-le-colonel-oiseau-05\" width=\"150\" height=\"150\" srcset=\"https:\/\/theatre-en-liberte.com\/blog\/wp-content\/uploads\/2014-le-colonel-oiseau-05-150x150.jpg 150w, https:\/\/theatre-en-liberte.com\/blog\/wp-content\/uploads\/2014-le-colonel-oiseau-05-160x160.jpg 160w, https:\/\/theatre-en-liberte.com\/blog\/wp-content\/uploads\/2014-le-colonel-oiseau-05-320x320.jpg 320w\" sizes=\"auto, (max-width: 150px) 100vw, 150px\" \/><\/a> <a href=\"http:\/\/theatre-en-liberte.com\/blog\/wp-content\/uploads\/2014-le-colonel-oiseau-04.jpg\"><img loading=\"lazy\" decoding=\"async\" class=\"alignnone size-thumbnail wp-image-2425\" src=\"http:\/\/theatre-en-liberte.com\/blog\/wp-content\/uploads\/2014-le-colonel-oiseau-04-150x150.jpg\" alt=\"2014-le-colonel-oiseau-04\" width=\"150\" height=\"150\" srcset=\"https:\/\/theatre-en-liberte.com\/blog\/wp-content\/uploads\/2014-le-colonel-oiseau-04-150x150.jpg 150w, https:\/\/theatre-en-liberte.com\/blog\/wp-content\/uploads\/2014-le-colonel-oiseau-04-160x160.jpg 160w, https:\/\/theatre-en-liberte.com\/blog\/wp-content\/uploads\/2014-le-colonel-oiseau-04-320x320.jpg 320w\" sizes=\"auto, (max-width: 150px) 100vw, 150px\" \/><\/a> <a href=\"http:\/\/theatre-en-liberte.com\/blog\/wp-content\/uploads\/2014-le-colonel-oiseau-17.jpg\"><img loading=\"lazy\" decoding=\"async\" class=\"alignnone size-thumbnail wp-image-2620\" src=\"http:\/\/theatre-en-liberte.com\/blog\/wp-content\/uploads\/2014-le-colonel-oiseau-17-150x150.jpg\" alt=\"2014-le-colonel-oiseau-17\" width=\"150\" height=\"150\" srcset=\"https:\/\/theatre-en-liberte.com\/blog\/wp-content\/uploads\/2014-le-colonel-oiseau-17-150x150.jpg 150w, https:\/\/theatre-en-liberte.com\/blog\/wp-content\/uploads\/2014-le-colonel-oiseau-17-160x160.jpg 160w, https:\/\/theatre-en-liberte.com\/blog\/wp-content\/uploads\/2014-le-colonel-oiseau-17-320x320.jpg 320w\" sizes=\"auto, (max-width: 150px) 100vw, 150px\" \/><\/a> <a href=\"http:\/\/theatre-en-liberte.com\/blog\/wp-content\/uploads\/2014-le-colonel-oiseau-18.jpg\"><img loading=\"lazy\" decoding=\"async\" class=\"alignnone size-thumbnail wp-image-2621\" src=\"http:\/\/theatre-en-liberte.com\/blog\/wp-content\/uploads\/2014-le-colonel-oiseau-18-150x150.jpg\" alt=\"2014-le-colonel-oiseau-18\" width=\"150\" height=\"150\" srcset=\"https:\/\/theatre-en-liberte.com\/blog\/wp-content\/uploads\/2014-le-colonel-oiseau-18-150x150.jpg 150w, https:\/\/theatre-en-liberte.com\/blog\/wp-content\/uploads\/2014-le-colonel-oiseau-18-160x160.jpg 160w, https:\/\/theatre-en-liberte.com\/blog\/wp-content\/uploads\/2014-le-colonel-oiseau-18-320x320.jpg 320w\" sizes=\"auto, (max-width: 150px) 100vw, 150px\" \/><\/a> <a href=\"http:\/\/theatre-en-liberte.com\/blog\/wp-content\/uploads\/2014-le-colonel-oiseau-14.jpg\"><img loading=\"lazy\" decoding=\"async\" class=\"alignnone size-thumbnail wp-image-2624\" src=\"http:\/\/theatre-en-liberte.com\/blog\/wp-content\/uploads\/2014-le-colonel-oiseau-14-150x150.jpg\" alt=\"2014-le-colonel-oiseau-14\" width=\"150\" height=\"150\" srcset=\"https:\/\/theatre-en-liberte.com\/blog\/wp-content\/uploads\/2014-le-colonel-oiseau-14-150x150.jpg 150w, https:\/\/theatre-en-liberte.com\/blog\/wp-content\/uploads\/2014-le-colonel-oiseau-14-160x160.jpg 160w, https:\/\/theatre-en-liberte.com\/blog\/wp-content\/uploads\/2014-le-colonel-oiseau-14-320x320.jpg 320w\" sizes=\"auto, (max-width: 150px) 100vw, 150px\" \/><\/a> <a href=\"http:\/\/theatre-en-liberte.com\/blog\/wp-content\/uploads\/2014-le-colonel-oiseau-15.jpg\"><img loading=\"lazy\" decoding=\"async\" class=\"alignnone size-thumbnail wp-image-2625\" src=\"http:\/\/theatre-en-liberte.com\/blog\/wp-content\/uploads\/2014-le-colonel-oiseau-15-150x150.jpg\" alt=\"2014-le-colonel-oiseau-15\" width=\"150\" height=\"150\" srcset=\"https:\/\/theatre-en-liberte.com\/blog\/wp-content\/uploads\/2014-le-colonel-oiseau-15-150x150.jpg 150w, https:\/\/theatre-en-liberte.com\/blog\/wp-content\/uploads\/2014-le-colonel-oiseau-15-160x160.jpg 160w, https:\/\/theatre-en-liberte.com\/blog\/wp-content\/uploads\/2014-le-colonel-oiseau-15-320x320.jpg 320w\" sizes=\"auto, (max-width: 150px) 100vw, 150px\" \/><\/a> <a href=\"http:\/\/theatre-en-liberte.com\/blog\/wp-content\/uploads\/2014-le-colonel-oiseau-16.jpg\"><img loading=\"lazy\" decoding=\"async\" class=\"alignnone size-thumbnail wp-image-2626\" src=\"http:\/\/theatre-en-liberte.com\/blog\/wp-content\/uploads\/2014-le-colonel-oiseau-16-150x150.jpg\" alt=\"2014-le-colonel-oiseau-16\" width=\"150\" height=\"150\" srcset=\"https:\/\/theatre-en-liberte.com\/blog\/wp-content\/uploads\/2014-le-colonel-oiseau-16-150x150.jpg 150w, https:\/\/theatre-en-liberte.com\/blog\/wp-content\/uploads\/2014-le-colonel-oiseau-16-160x160.jpg 160w, https:\/\/theatre-en-liberte.com\/blog\/wp-content\/uploads\/2014-le-colonel-oiseau-16-320x320.jpg 320w\" sizes=\"auto, (max-width: 150px) 100vw, 150px\" \/><\/a> <a href=\"http:\/\/theatre-en-liberte.com\/blog\/wp-content\/uploads\/2014-le-colonel-oiseau-13.jpg\"><img loading=\"lazy\" decoding=\"async\" class=\"alignnone size-thumbnail wp-image-2623\" src=\"http:\/\/theatre-en-liberte.com\/blog\/wp-content\/uploads\/2014-le-colonel-oiseau-13-150x150.jpg\" alt=\"2014-le-colonel-oiseau-13\" width=\"150\" height=\"150\" srcset=\"https:\/\/theatre-en-liberte.com\/blog\/wp-content\/uploads\/2014-le-colonel-oiseau-13-150x150.jpg 150w, https:\/\/theatre-en-liberte.com\/blog\/wp-content\/uploads\/2014-le-colonel-oiseau-13-160x160.jpg 160w, https:\/\/theatre-en-liberte.com\/blog\/wp-content\/uploads\/2014-le-colonel-oiseau-13-320x320.jpg 320w\" sizes=\"auto, (max-width: 150px) 100vw, 150px\" \/><\/a> <a href=\"http:\/\/theatre-en-liberte.com\/blog\/wp-content\/uploads\/2014-le-colonel-oiseau-19.jpg\"><img loading=\"lazy\" decoding=\"async\" class=\"alignnone size-thumbnail wp-image-2622\" src=\"http:\/\/theatre-en-liberte.com\/blog\/wp-content\/uploads\/2014-le-colonel-oiseau-19-150x150.jpg\" alt=\"2014-le-colonel-oiseau-19\" width=\"150\" height=\"150\" srcset=\"https:\/\/theatre-en-liberte.com\/blog\/wp-content\/uploads\/2014-le-colonel-oiseau-19-150x150.jpg 150w, https:\/\/theatre-en-liberte.com\/blog\/wp-content\/uploads\/2014-le-colonel-oiseau-19-160x160.jpg 160w, https:\/\/theatre-en-liberte.com\/blog\/wp-content\/uploads\/2014-le-colonel-oiseau-19-320x320.jpg 320w\" sizes=\"auto, (max-width: 150px) 100vw, 150px\" \/><\/a><\/p>\n<p>&nbsp;<\/p>\n<h2>Revue de presse<\/h2>\n<ul class=\"display-posts-listing\"><li class=\"listing-item\"><a class=\"image\" href=\"https:\/\/theatre-en-liberte.com\/blog\/fribourg-suisse-octobre-2017\/\"><img loading=\"lazy\" decoding=\"async\" width=\"150\" height=\"150\" src=\"https:\/\/theatre-en-liberte.com\/blog\/wp-content\/uploads\/en-coulisses-le-colonel-oiseau-friscenes-9-150x150.jpg\" class=\"attachment-thumbnail size-thumbnail wp-post-image\" alt=\"\" srcset=\"https:\/\/theatre-en-liberte.com\/blog\/wp-content\/uploads\/en-coulisses-le-colonel-oiseau-friscenes-9-150x150.jpg 150w, https:\/\/theatre-en-liberte.com\/blog\/wp-content\/uploads\/en-coulisses-le-colonel-oiseau-friscenes-9-160x160.jpg 160w, https:\/\/theatre-en-liberte.com\/blog\/wp-content\/uploads\/en-coulisses-le-colonel-oiseau-friscenes-9-320x320.jpg 320w\" sizes=\"auto, (max-width: 150px) 100vw, 150px\" \/><\/a> <a class=\"title\" href=\"https:\/\/theatre-en-liberte.com\/blog\/fribourg-suisse-octobre-2017\/\">Fribourg (Suisse), octobre 2017<\/a><\/li><li class=\"listing-item\"><a class=\"image\" href=\"https:\/\/theatre-en-liberte.com\/blog\/cholet-49-avril-2016\/\"><img loading=\"lazy\" decoding=\"async\" width=\"150\" height=\"150\" src=\"https:\/\/theatre-en-liberte.com\/blog\/wp-content\/uploads\/en-coulisses-le-colonel-oiseau-cholet-50-150x150.jpg\" class=\"attachment-thumbnail size-thumbnail wp-post-image\" alt=\"\" srcset=\"https:\/\/theatre-en-liberte.com\/blog\/wp-content\/uploads\/en-coulisses-le-colonel-oiseau-cholet-50-150x150.jpg 150w, https:\/\/theatre-en-liberte.com\/blog\/wp-content\/uploads\/en-coulisses-le-colonel-oiseau-cholet-50-160x160.jpg 160w, https:\/\/theatre-en-liberte.com\/blog\/wp-content\/uploads\/en-coulisses-le-colonel-oiseau-cholet-50-320x320.jpg 320w\" sizes=\"auto, (max-width: 150px) 100vw, 150px\" \/><\/a> <a class=\"title\" href=\"https:\/\/theatre-en-liberte.com\/blog\/cholet-49-avril-2016\/\">Cholet (49), avril 2016<\/a><\/li><li class=\"listing-item\"><a class=\"image\" href=\"https:\/\/theatre-en-liberte.com\/blog\/lannee-demarre-en-trombe\/\"><img loading=\"lazy\" decoding=\"async\" width=\"150\" height=\"150\" src=\"https:\/\/theatre-en-liberte.com\/blog\/wp-content\/uploads\/le-prix-des-boites-ambiance-150x150.jpg\" class=\"attachment-thumbnail size-thumbnail wp-post-image\" alt=\"\" srcset=\"https:\/\/theatre-en-liberte.com\/blog\/wp-content\/uploads\/le-prix-des-boites-ambiance-150x150.jpg 150w, https:\/\/theatre-en-liberte.com\/blog\/wp-content\/uploads\/le-prix-des-boites-ambiance-160x160.jpg 160w, https:\/\/theatre-en-liberte.com\/blog\/wp-content\/uploads\/le-prix-des-boites-ambiance-320x320.jpg 320w\" sizes=\"auto, (max-width: 150px) 100vw, 150px\" \/><\/a> <a class=\"title\" href=\"https:\/\/theatre-en-liberte.com\/blog\/lannee-demarre-en-trombe\/\">L&rsquo;ann\u00e9e d\u00e9marre en trombe !!<\/a><\/li><li class=\"listing-item\"><a class=\"image\" href=\"https:\/\/theatre-en-liberte.com\/blog\/c-est-la-rentree-recompenses-presse-forum\/\"><img loading=\"lazy\" decoding=\"async\" width=\"150\" height=\"150\" src=\"https:\/\/theatre-en-liberte.com\/blog\/wp-content\/uploads\/rentree-tl-2015-150x150.jpg\" class=\"attachment-thumbnail size-thumbnail wp-post-image\" alt=\"\" srcset=\"https:\/\/theatre-en-liberte.com\/blog\/wp-content\/uploads\/rentree-tl-2015-150x150.jpg 150w, https:\/\/theatre-en-liberte.com\/blog\/wp-content\/uploads\/rentree-tl-2015-160x160.jpg 160w, https:\/\/theatre-en-liberte.com\/blog\/wp-content\/uploads\/rentree-tl-2015-320x320.jpg 320w\" sizes=\"auto, (max-width: 150px) 100vw, 150px\" \/><\/a> <a class=\"title\" href=\"https:\/\/theatre-en-liberte.com\/blog\/c-est-la-rentree-recompenses-presse-forum\/\">C&rsquo;est la rentr\u00e9e ! R\u00e9compenses, presse, forum&#8230;<\/a><\/li><li class=\"listing-item\"><a class=\"image\" href=\"https:\/\/theatre-en-liberte.com\/blog\/le-theatre-en-liberte-au-micro-de-france-bleu\/\"><img loading=\"lazy\" decoding=\"async\" width=\"150\" height=\"150\" src=\"https:\/\/theatre-en-liberte.com\/blog\/wp-content\/uploads\/le-tl-au-micro-de-france-bleu-150x150.jpg\" class=\"attachment-thumbnail size-thumbnail wp-post-image\" alt=\"\" srcset=\"https:\/\/theatre-en-liberte.com\/blog\/wp-content\/uploads\/le-tl-au-micro-de-france-bleu-150x150.jpg 150w, https:\/\/theatre-en-liberte.com\/blog\/wp-content\/uploads\/le-tl-au-micro-de-france-bleu-160x160.jpg 160w, https:\/\/theatre-en-liberte.com\/blog\/wp-content\/uploads\/le-tl-au-micro-de-france-bleu-320x320.jpg 320w\" sizes=\"auto, (max-width: 150px) 100vw, 150px\" \/><\/a> <a class=\"title\" href=\"https:\/\/theatre-en-liberte.com\/blog\/le-theatre-en-liberte-au-micro-de-france-bleu\/\">Le Th\u00e9\u00e2tre en Libert\u00e9 au micro de France Bleu<\/a><\/li><li class=\"listing-item\"><a class=\"image\" href=\"https:\/\/theatre-en-liberte.com\/blog\/un-colonel-recu-au-chateau\/\"><img loading=\"lazy\" decoding=\"async\" width=\"150\" height=\"150\" src=\"https:\/\/theatre-en-liberte.com\/blog\/wp-content\/uploads\/2015-02-12-hebdo-de-sevre-et-maine-150x150.jpg\" class=\"attachment-thumbnail size-thumbnail wp-post-image\" alt=\"\" srcset=\"https:\/\/theatre-en-liberte.com\/blog\/wp-content\/uploads\/2015-02-12-hebdo-de-sevre-et-maine-150x150.jpg 150w, https:\/\/theatre-en-liberte.com\/blog\/wp-content\/uploads\/2015-02-12-hebdo-de-sevre-et-maine-160x160.jpg 160w, https:\/\/theatre-en-liberte.com\/blog\/wp-content\/uploads\/2015-02-12-hebdo-de-sevre-et-maine-320x320.jpg 320w\" sizes=\"auto, (max-width: 150px) 100vw, 150px\" \/><\/a> <a class=\"title\" href=\"https:\/\/theatre-en-liberte.com\/blog\/un-colonel-recu-au-chateau\/\">Un colonel re\u00e7u au ch\u00e2teau<\/a><\/li><li class=\"listing-item\"><a class=\"image\" href=\"https:\/\/theatre-en-liberte.com\/blog\/vol-au-dessus-dun-nid-de-droles-doiseaux-au-theatre\/\"><img loading=\"lazy\" decoding=\"async\" width=\"150\" height=\"150\" src=\"https:\/\/theatre-en-liberte.com\/blog\/wp-content\/uploads\/2015-02-10-ouest-france-150x150.jpg\" class=\"attachment-thumbnail size-thumbnail wp-post-image\" alt=\"\" srcset=\"https:\/\/theatre-en-liberte.com\/blog\/wp-content\/uploads\/2015-02-10-ouest-france-150x150.jpg 150w, https:\/\/theatre-en-liberte.com\/blog\/wp-content\/uploads\/2015-02-10-ouest-france-160x160.jpg 160w, https:\/\/theatre-en-liberte.com\/blog\/wp-content\/uploads\/2015-02-10-ouest-france-320x320.jpg 320w\" sizes=\"auto, (max-width: 150px) 100vw, 150px\" \/><\/a> <a class=\"title\" href=\"https:\/\/theatre-en-liberte.com\/blog\/vol-au-dessus-dun-nid-de-droles-doiseaux-au-theatre\/\">Vol au-dessus d&rsquo;un nid de dr\u00f4les d&rsquo;oiseaux, au th\u00e9\u00e2tre<\/a><\/li><li class=\"listing-item\"><a class=\"image\" href=\"https:\/\/theatre-en-liberte.com\/blog\/les-representations-debutent\/\"><img loading=\"lazy\" decoding=\"async\" width=\"150\" height=\"150\" src=\"https:\/\/theatre-en-liberte.com\/blog\/wp-content\/uploads\/2015-01-15-hebdo-de-sevre-et-maine-le-colonel-oiseau-150x150.jpg\" class=\"attachment-thumbnail size-thumbnail wp-post-image\" alt=\"\" srcset=\"https:\/\/theatre-en-liberte.com\/blog\/wp-content\/uploads\/2015-01-15-hebdo-de-sevre-et-maine-le-colonel-oiseau-150x150.jpg 150w, https:\/\/theatre-en-liberte.com\/blog\/wp-content\/uploads\/2015-01-15-hebdo-de-sevre-et-maine-le-colonel-oiseau-160x160.jpg 160w, https:\/\/theatre-en-liberte.com\/blog\/wp-content\/uploads\/2015-01-15-hebdo-de-sevre-et-maine-le-colonel-oiseau-320x320.jpg 320w\" sizes=\"auto, (max-width: 150px) 100vw, 150px\" \/><\/a> <a class=\"title\" href=\"https:\/\/theatre-en-liberte.com\/blog\/les-representations-debutent\/\">Les repr\u00e9sentations d\u00e9butent<\/a><\/li><li class=\"listing-item\"><a class=\"image\" href=\"https:\/\/theatre-en-liberte.com\/blog\/le-colonel-oiseau-de-hristo-boytchov-par-le-theatre-en-liberte\/\"><img loading=\"lazy\" decoding=\"async\" width=\"150\" height=\"150\" src=\"https:\/\/theatre-en-liberte.com\/blog\/wp-content\/uploads\/2014-12-30-vertou-mag-150x150.jpg\" class=\"attachment-thumbnail size-thumbnail wp-post-image\" alt=\"\" srcset=\"https:\/\/theatre-en-liberte.com\/blog\/wp-content\/uploads\/2014-12-30-vertou-mag-150x150.jpg 150w, https:\/\/theatre-en-liberte.com\/blog\/wp-content\/uploads\/2014-12-30-vertou-mag-160x160.jpg 160w, https:\/\/theatre-en-liberte.com\/blog\/wp-content\/uploads\/2014-12-30-vertou-mag-320x320.jpg 320w\" sizes=\"auto, (max-width: 150px) 100vw, 150px\" \/><\/a> <a class=\"title\" href=\"https:\/\/theatre-en-liberte.com\/blog\/le-colonel-oiseau-de-hristo-boytchov-par-le-theatre-en-liberte\/\">Le Colonel Oiseau, de Hristo Boytchev, par le Th\u00e9\u00e2tre en libert\u00e9<\/a><\/li><li class=\"listing-item\"><a class=\"image\" href=\"https:\/\/theatre-en-liberte.com\/blog\/theatre-en-liberte-dernieres-repetitions-avant-le-quatrain\/\"><img loading=\"lazy\" decoding=\"async\" width=\"150\" height=\"150\" src=\"https:\/\/theatre-en-liberte.com\/blog\/wp-content\/uploads\/2014-12-18-hebdo-de-sevre-et-maine-le-colonel-oiseau-150x150.jpg\" class=\"attachment-thumbnail size-thumbnail wp-post-image\" alt=\"\" srcset=\"https:\/\/theatre-en-liberte.com\/blog\/wp-content\/uploads\/2014-12-18-hebdo-de-sevre-et-maine-le-colonel-oiseau-150x150.jpg 150w, https:\/\/theatre-en-liberte.com\/blog\/wp-content\/uploads\/2014-12-18-hebdo-de-sevre-et-maine-le-colonel-oiseau-160x160.jpg 160w, https:\/\/theatre-en-liberte.com\/blog\/wp-content\/uploads\/2014-12-18-hebdo-de-sevre-et-maine-le-colonel-oiseau-320x320.jpg 320w\" sizes=\"auto, (max-width: 150px) 100vw, 150px\" \/><\/a> <a class=\"title\" href=\"https:\/\/theatre-en-liberte.com\/blog\/theatre-en-liberte-dernieres-repetitions-avant-le-quatrain\/\">Th\u00e9\u00e2tre en Libert\u00e9 : derni\u00e8res r\u00e9p\u00e9titions avant le Quatrain<\/a><\/li><li class=\"listing-item\"><a class=\"image\" href=\"https:\/\/theatre-en-liberte.com\/blog\/le-colonel-oiseau-drole-et-poetique\/\"><img loading=\"lazy\" decoding=\"async\" width=\"150\" height=\"150\" src=\"https:\/\/theatre-en-liberte.com\/blog\/wp-content\/uploads\/2014-12-17-ouest-france-le-colonel-oiseau-150x150.jpg\" class=\"attachment-thumbnail size-thumbnail wp-post-image\" alt=\"\" srcset=\"https:\/\/theatre-en-liberte.com\/blog\/wp-content\/uploads\/2014-12-17-ouest-france-le-colonel-oiseau-150x150.jpg 150w, https:\/\/theatre-en-liberte.com\/blog\/wp-content\/uploads\/2014-12-17-ouest-france-le-colonel-oiseau-160x160.jpg 160w, https:\/\/theatre-en-liberte.com\/blog\/wp-content\/uploads\/2014-12-17-ouest-france-le-colonel-oiseau-320x320.jpg 320w\" sizes=\"auto, (max-width: 150px) 100vw, 150px\" \/><\/a> <a class=\"title\" href=\"https:\/\/theatre-en-liberte.com\/blog\/le-colonel-oiseau-drole-et-poetique\/\">Le Colonel Oiseau, dr\u00f4le et po\u00e9tique<\/a><\/li><li class=\"listing-item\"><a class=\"image\" href=\"https:\/\/theatre-en-liberte.com\/blog\/folie-reves-et-utopie\/\"><img loading=\"lazy\" decoding=\"async\" width=\"150\" height=\"150\" src=\"https:\/\/theatre-en-liberte.com\/blog\/wp-content\/uploads\/2014-12-15-presse-ocean-le-colonel-oiseau-150x150.jpg\" class=\"attachment-thumbnail size-thumbnail wp-post-image\" alt=\"\" srcset=\"https:\/\/theatre-en-liberte.com\/blog\/wp-content\/uploads\/2014-12-15-presse-ocean-le-colonel-oiseau-150x150.jpg 150w, https:\/\/theatre-en-liberte.com\/blog\/wp-content\/uploads\/2014-12-15-presse-ocean-le-colonel-oiseau-160x160.jpg 160w, https:\/\/theatre-en-liberte.com\/blog\/wp-content\/uploads\/2014-12-15-presse-ocean-le-colonel-oiseau-320x320.jpg 320w\" sizes=\"auto, (max-width: 150px) 100vw, 150px\" \/><\/a> <a class=\"title\" href=\"https:\/\/theatre-en-liberte.com\/blog\/folie-reves-et-utopie\/\">Folie, r\u00eaves et utopie<\/a><\/li><li class=\"listing-item\"><a class=\"image\" href=\"https:\/\/theatre-en-liberte.com\/blog\/le-theatre-en-liberte-elargit-son-repertoire\/\"><img loading=\"lazy\" decoding=\"async\" width=\"150\" height=\"150\" src=\"https:\/\/theatre-en-liberte.com\/blog\/wp-content\/uploads\/2014-07-09-ouest-france-150x150.jpg\" class=\"attachment-thumbnail size-thumbnail wp-post-image\" alt=\"\" srcset=\"https:\/\/theatre-en-liberte.com\/blog\/wp-content\/uploads\/2014-07-09-ouest-france-150x150.jpg 150w, https:\/\/theatre-en-liberte.com\/blog\/wp-content\/uploads\/2014-07-09-ouest-france-160x160.jpg 160w, https:\/\/theatre-en-liberte.com\/blog\/wp-content\/uploads\/2014-07-09-ouest-france-320x320.jpg 320w\" sizes=\"auto, (max-width: 150px) 100vw, 150px\" \/><\/a> <a class=\"title\" href=\"https:\/\/theatre-en-liberte.com\/blog\/le-theatre-en-liberte-elargit-son-repertoire\/\">Le Th\u00e9\u00e2tre en Libert\u00e9 \u00e9largit son r\u00e9pertoire<\/a><\/li><\/ul>\n","protected":false},"excerpt":{"rendered":"<p>Le Th\u00e9\u00e2tre en libert\u00e9 est heureux de vous pr\u00e9senter sa nouvelle\u00a0cr\u00e9ation, Le Colonel Oiseau, dont les repr\u00e9sentations commenceront en janvier 2015&#8230; La pi\u00e8ce Au milieu des Balkans, rang\u00e9s l\u00e0 o\u00f9 ils ne d\u00e9rangent personne,&#46;&#46;&#46;<\/p>\n","protected":false},"author":1,"featured_media":2009,"comment_status":"open","ping_status":"open","sticky":false,"template":"","format":"standard","meta":{"_monsterinsights_skip_tracking":false,"_monsterinsights_sitenote_active":false,"_monsterinsights_sitenote_note":"","_monsterinsights_sitenote_category":0,"footnotes":""},"categories":[23],"tags":[],"class_list":["post-1626","post","type-post","status-publish","format-standard","has-post-thumbnail","hentry","category-le-colonel-oiseau"],"_links":{"self":[{"href":"https:\/\/theatre-en-liberte.com\/blog\/wp-json\/wp\/v2\/posts\/1626","targetHints":{"allow":["GET"]}}],"collection":[{"href":"https:\/\/theatre-en-liberte.com\/blog\/wp-json\/wp\/v2\/posts"}],"about":[{"href":"https:\/\/theatre-en-liberte.com\/blog\/wp-json\/wp\/v2\/types\/post"}],"author":[{"embeddable":true,"href":"https:\/\/theatre-en-liberte.com\/blog\/wp-json\/wp\/v2\/users\/1"}],"replies":[{"embeddable":true,"href":"https:\/\/theatre-en-liberte.com\/blog\/wp-json\/wp\/v2\/comments?post=1626"}],"version-history":[{"count":52,"href":"https:\/\/theatre-en-liberte.com\/blog\/wp-json\/wp\/v2\/posts\/1626\/revisions"}],"predecessor-version":[{"id":5446,"href":"https:\/\/theatre-en-liberte.com\/blog\/wp-json\/wp\/v2\/posts\/1626\/revisions\/5446"}],"wp:featuredmedia":[{"embeddable":true,"href":"https:\/\/theatre-en-liberte.com\/blog\/wp-json\/wp\/v2\/media\/2009"}],"wp:attachment":[{"href":"https:\/\/theatre-en-liberte.com\/blog\/wp-json\/wp\/v2\/media?parent=1626"}],"wp:term":[{"taxonomy":"category","embeddable":true,"href":"https:\/\/theatre-en-liberte.com\/blog\/wp-json\/wp\/v2\/categories?post=1626"},{"taxonomy":"post_tag","embeddable":true,"href":"https:\/\/theatre-en-liberte.com\/blog\/wp-json\/wp\/v2\/tags?post=1626"}],"curies":[{"name":"wp","href":"https:\/\/api.w.org\/{rel}","templated":true}]}}