{"id":1638,"date":"2014-05-12T16:05:08","date_gmt":"2014-05-12T14:05:08","guid":{"rendered":"http:\/\/theatre-en-liberte.com\/blog\/?p=1638"},"modified":"2014-05-12T16:06:40","modified_gmt":"2014-05-12T14:06:40","slug":"le-theatre-en-liberte-au-festival-theatrez-vous","status":"publish","type":"post","link":"https:\/\/theatre-en-liberte.com\/blog\/le-theatre-en-liberte-au-festival-theatrez-vous\/","title":{"rendered":"Le Th\u00e9\u00e2tre en Libert\u00e9 au Festival Th\u00e9\u00e2trez-vous"},"content":{"rendered":"<p><img loading=\"lazy\" decoding=\"async\" class=\"alignright size-medium wp-image-1642\" src=\"http:\/\/theatre-en-liberte.com\/blog\/wp-content\/uploads\/festhea-2014-theatrez-vous-en-tete-300x168.jpg\" alt=\"festhea-2014-theatrez-vous-en-tete\" width=\"300\" height=\"168\" \/><\/p>\n<p><strong>Vendredi 6 juin 2014, la troupe du Th\u00e9\u00e2tre en Libert\u00e9 sera heureuse de pr\u00e9senter <a title=\"Cr\u00e9ation 2013-14 : Le Repas des Fauves\" href=\"http:\/\/theatre-en-liberte.com\/blog\/creation-2013-14-le-repas-des-fauves\/\">Le Repas des Fauves<\/a>\u00a0au Festival Th\u00e9\u00e2trez-Vous. <\/strong><\/p>\n<p>Cette rencontre, \u00e9tal\u00e9e sur un week-end, sera \u00e9galement l&rsquo;occasion pour le\u00a0jury de d\u00e9signer\u00a0la compagnie qui repr\u00e9sentera les Pays de Loire \u00e0 FESTHEA, le Festival National de Th\u00e9\u00e2tre Amateur.<\/p>\n<p>Amateurs de th\u00e9\u00e2tre&#8230;\u00a0fans du Th\u00e9\u00e2tre en Libert\u00e9&#8230; public exigeant \u00e0 la recherche de nouveaut\u00e9s&#8230; ces rencontres sont l&rsquo;occasion de d\u00e9couvrir de nombreuses troupes dans une ambiance tr\u00e8s conviviale, et nous ne pouvons que vous inviter \u00e0 vous laisser s\u00e9duire\u00a0!<\/p>\n<h3>Rendez-vous au Carr\u00e9<\/h3>\n<p><strong>Le Carr\u00e9, \u00e0 Ch\u00e2teau-Gontier<\/strong>, s\u2019engage dans l\u2019organisation de ces rencontres r\u00e9gionales de th\u00e9\u00e2tre amateur, fruit d&rsquo;une s\u00e9lection faite par le jury entre novembre 2013 et f\u00e9vrier 2014 dans tous les Pays de Loire.\u00a0Ce Comit\u00e9 R\u00e9gional de Pr\u00e9-S\u00e9lection est compos\u00e9 d\u2019une dizaine de membres, tous li\u00e9s au th\u00e9\u00e2tre amateur (com\u00e9diens amateurs ayant d\u00e9j\u00e0 particip\u00e9 aux rencontres, organisateurs de rencontres inter-d\u00e9partementales ou r\u00e9gionales).<\/p>\n<h3>Au programme<\/h3>\n<p><strong>Dates :<\/strong> du vendredi 6 au dimanche 8 juin 2014<\/p>\n<p><strong>Tarif unique :<\/strong> 5\u20ac chaque repr\u00e9sentation ou PASS week-end : 25\u20ac<\/p>\n<p><strong>Renseignements et r\u00e9servations<\/strong> au 02 43 09 21 52<\/p>\n<p><strong>Adresse :<\/strong> Le Carr\u00e9, sc\u00e8ne nationale\u00a0\/\/ 4 bis rue Horeau &#8211; BP 10357 \/ 53203 CH\u00c2TEAU-GONTIER cedex &#8211;\u00a0<a href=\"http:\/\/www.le-carre.org\" target=\"_blank\">www.le-carre.org<\/a><\/p>\n<p><strong>Les pi\u00e8ces \u00a0:<\/strong><\/p>\n<p><strong>VENDREDI 6 JUIN<\/strong><\/p>\n<p>20h30 : Sur un air de tango, Compagnie de l&rsquo;Ourson Blanc<br \/>\n<strong>22h30 : Le repas des fauves, Th\u00e9\u00e2tre en Libert\u00e9<\/strong><\/p>\n<p><strong>SAMEDI 7 JUIN<\/strong><\/p>\n<p>14h30 : Roberto Zucco, La Belle Rouge Th\u00e9\u00e2tre<br \/>\n16h30 : Les Fous de la reine, Les Anjou\u00e9s<br \/>\n18h45 : Un roi se meurt, Tr\u00e9teaux de l&rsquo;Universit\u00e9<br \/>\n20h30 : Dans la joie et la bonne humeur&#8230;, Th\u00e9\u00e2tre du STrapontin<br \/>\n22h30 : But when ? New Rancard<\/p>\n<p><strong>DIMANCHE 8 JUIN<\/strong><\/p>\n<p>14h15 : Cercles \/ Fictions, Th\u00e9\u00e2tre du Jeu<br \/>\n16h45 : \u00d4 ciel, la procr\u00e9ation&#8230;, La Fausse Compagnie<br \/>\n18h15 : Spectacle de cl\u00f4ture :\u00a0Niob\u00e9 N\u00b06<br \/>\n19h30 : Proclamation des r\u00e9sultats<\/p>\n","protected":false},"excerpt":{"rendered":"<p>Vendredi 6 juin 2014, la troupe du Th\u00e9\u00e2tre en Libert\u00e9 sera heureuse de pr\u00e9senter Le Repas des Fauves\u00a0au Festival Th\u00e9\u00e2trez-Vous. Cette rencontre, \u00e9tal\u00e9e sur un week-end, sera \u00e9galement l&rsquo;occasion pour le\u00a0jury de d\u00e9signer\u00a0la compagnie&#46;&#46;&#46;<\/p>\n","protected":false},"author":1,"featured_media":1642,"comment_status":"open","ping_status":"open","sticky":false,"template":"","format":"standard","meta":{"_monsterinsights_skip_tracking":false,"_monsterinsights_sitenote_active":false,"_monsterinsights_sitenote_note":"","_monsterinsights_sitenote_category":0,"footnotes":""},"categories":[16,20],"tags":[],"class_list":["post-1638","post","type-post","status-publish","format-standard","has-post-thumbnail","hentry","category-festival","category-le-repas-des-fauves"],"_links":{"self":[{"href":"https:\/\/theatre-en-liberte.com\/blog\/wp-json\/wp\/v2\/posts\/1638","targetHints":{"allow":["GET"]}}],"collection":[{"href":"https:\/\/theatre-en-liberte.com\/blog\/wp-json\/wp\/v2\/posts"}],"about":[{"href":"https:\/\/theatre-en-liberte.com\/blog\/wp-json\/wp\/v2\/types\/post"}],"author":[{"embeddable":true,"href":"https:\/\/theatre-en-liberte.com\/blog\/wp-json\/wp\/v2\/users\/1"}],"replies":[{"embeddable":true,"href":"https:\/\/theatre-en-liberte.com\/blog\/wp-json\/wp\/v2\/comments?post=1638"}],"version-history":[{"count":5,"href":"https:\/\/theatre-en-liberte.com\/blog\/wp-json\/wp\/v2\/posts\/1638\/revisions"}],"predecessor-version":[{"id":1645,"href":"https:\/\/theatre-en-liberte.com\/blog\/wp-json\/wp\/v2\/posts\/1638\/revisions\/1645"}],"wp:featuredmedia":[{"embeddable":true,"href":"https:\/\/theatre-en-liberte.com\/blog\/wp-json\/wp\/v2\/media\/1642"}],"wp:attachment":[{"href":"https:\/\/theatre-en-liberte.com\/blog\/wp-json\/wp\/v2\/media?parent=1638"}],"wp:term":[{"taxonomy":"category","embeddable":true,"href":"https:\/\/theatre-en-liberte.com\/blog\/wp-json\/wp\/v2\/categories?post=1638"},{"taxonomy":"post_tag","embeddable":true,"href":"https:\/\/theatre-en-liberte.com\/blog\/wp-json\/wp\/v2\/tags?post=1638"}],"curies":[{"name":"wp","href":"https:\/\/api.w.org\/{rel}","templated":true}]}}