{"id":2258,"date":"2014-10-23T12:44:56","date_gmt":"2014-10-23T10:44:56","guid":{"rendered":"http:\/\/theatre-en-liberte.com\/blog\/?p=2258"},"modified":"2014-10-24T15:01:13","modified_gmt":"2014-10-24T13:01:13","slug":"le-repas-des-fauves-aux-festival-les-spectaculaires","status":"publish","type":"post","link":"https:\/\/theatre-en-liberte.com\/blog\/le-repas-des-fauves-aux-festival-les-spectaculaires\/","title":{"rendered":"Le Repas des Fauves aux Festival Les Spectaculaires"},"content":{"rendered":"<p><strong><a href=\"http:\/\/theatre-en-liberte.com\/blog\/wp-content\/uploads\/les-spectaculaires-affiche-2014.jpg\"><img loading=\"lazy\" decoding=\"async\" class=\"alignright size-medium wp-image-2259\" src=\"http:\/\/theatre-en-liberte.com\/blog\/wp-content\/uploads\/les-spectaculaires-affiche-2014-164x300.jpg\" alt=\"les-spectaculaires-affiche-2014\" width=\"164\" height=\"300\" \/><\/a>Nous donnerons une repr\u00e9sentation du <a title=\"Cr\u00e9ation 2013-14 : Le Repas des Fauves\" href=\"http:\/\/theatre-en-liberte.com\/blog\/creation-2013-14-le-repas-des-fauves\/\">Repas des Fauves<\/a>\u00a0\u00e0 l&rsquo;occasion de\u00a0la 8\u00e8me \u00e9dition du Festival Les Spectaculaires, \u00e0 la Roche-sur-Yon, qui\u00a0se tiendra du 7 au 11 novembre 2014.<\/strong><\/p>\n<p>Ce festival r\u00e9unit cirque, th\u00e9\u00e2tre, danse, musique et chansons, en un seul lieu, pendant\u00a05 jours ! L&rsquo;\u00e9quipe d&rsquo;organisation y travaille depuis un an, elle concocte une programmation bourr\u00e9e de talents et de belles surprises, et la f\u00eate promet d&rsquo;\u00eatre belle et pleine de rencontres. Au programme, c&rsquo;est pas moins de 35 spectacles dont 9 en entr\u00e9e libre.<\/p>\n<p>Toutes les informations sont disponibles sur le <a href=\"http:\/\/www.spectaculaires.org\/\" target=\"_blank\">site officiel du Festival Les Spectaculaires<\/a>&#8230;<\/p>\n<p><strong>Le Th\u00e9\u00e2tre en Libert\u00e9 pr\u00e9sentera le Repas des Fauves, et \u00e7a se passera au Th\u00e9\u00e2tre Le Grand R, le samedi 8 novembre \u00e0 18h00.\u00a0<\/strong> Voici l&rsquo;adresse du th\u00e9\u00e2tre : Le grand R &#8211; Sc\u00e8ne nationale, Esplanade Jeannie-Mazurelle, Rue Pierre-B\u00e9r\u00e9govoy \u00e0 La Roche-sur-Yon (<a href=\"https:\/\/www.google.fr\/maps\/place\/Le+Grand+R\/@46.668248,-1.430464,17z\/data=!3m1!4b1!4m2!3m1!1s0x48042fed62fe88cb:0x6d32e50053e5c26\" target=\"_blank\">plan Google Map<\/a>).<\/p>\n<p>Il est conseill\u00e9 de r\u00e9server vos\u00a0places ! Pour cela, adressez-vous au Man\u00e8ge (rue P. B\u00e9r\u00e9govoy, BP 861, 85017 La Roche-sur-Yon) au 02 51 47 83 83. Ouvert du mardi au vendredi de 12h30 \u00e0 18h30 et le samedi de 11h00 \u00e0 17h00.<\/p>\n<p><strong>Tarifs :<\/strong><\/p>\n<p>La s\u00e9ance : 5\u20ac (normal), et 3\u20ac (r\u00e9duit : demandeurs d\u2019emploi,\u00a0\u00e9tudiants, \u2013 de 18 ans,\u00a0stagiaires ateliers,\u00a0adh\u00e9rents aux associations\u00a0organisatrices munis\u00a0de leur carte d\u2019adh\u00e9sion\u00a0et le spectacle enfants\u00a0du 8 novembre).<\/p>\n<p>Le \u00a0specta&rsquo;places : lot de 5 entr\u00e9es au tarif normal pour le ou les spectacles de votre choix, 20 \u20ac (normal), et 12 \u20ac (r\u00e9duit).<\/p>\n<p>Le specta&rsquo;pass : il donne acc\u00e8s \u00e0 tous les spectacles programm\u00e9s au man\u00e8ge, au Th\u00e9\u00e2tre et au Conservatoire. 45 \u20ac (normal) et 30 \u20ac (r\u00e9duit).<\/p>\n<p><img loading=\"lazy\" decoding=\"async\" class=\"aligncenter size-full wp-image-2261\" src=\"http:\/\/theatre-en-liberte.com\/blog\/wp-content\/uploads\/les-spectaculaires-programme-2014.jpg\" alt=\"les-spectaculaires-programme-2014\" width=\"639\" height=\"649\" srcset=\"https:\/\/theatre-en-liberte.com\/blog\/wp-content\/uploads\/les-spectaculaires-programme-2014.jpg 639w, https:\/\/theatre-en-liberte.com\/blog\/wp-content\/uploads\/les-spectaculaires-programme-2014-295x300.jpg 295w, https:\/\/theatre-en-liberte.com\/blog\/wp-content\/uploads\/les-spectaculaires-programme-2014-600x609.jpg 600w, https:\/\/theatre-en-liberte.com\/blog\/wp-content\/uploads\/les-spectaculaires-programme-2014-276x280.jpg 276w\" sizes=\"auto, (max-width: 639px) 100vw, 639px\" \/><\/p>\n<p>&nbsp;<\/p>\n","protected":false},"excerpt":{"rendered":"<p>Nous donnerons une repr\u00e9sentation du Repas des Fauves\u00a0\u00e0 l&rsquo;occasion de\u00a0la 8\u00e8me \u00e9dition du Festival Les Spectaculaires, \u00e0 la Roche-sur-Yon, qui\u00a0se tiendra du 7 au 11 novembre 2014. Ce festival r\u00e9unit cirque, th\u00e9\u00e2tre, danse, musique&#46;&#46;&#46;<\/p>\n","protected":false},"author":1,"featured_media":2260,"comment_status":"open","ping_status":"open","sticky":false,"template":"","format":"standard","meta":{"_monsterinsights_skip_tracking":false,"_monsterinsights_sitenote_active":false,"_monsterinsights_sitenote_note":"","_monsterinsights_sitenote_category":0,"footnotes":""},"categories":[16,20],"tags":[],"class_list":["post-2258","post","type-post","status-publish","format-standard","has-post-thumbnail","hentry","category-festival","category-le-repas-des-fauves"],"_links":{"self":[{"href":"https:\/\/theatre-en-liberte.com\/blog\/wp-json\/wp\/v2\/posts\/2258","targetHints":{"allow":["GET"]}}],"collection":[{"href":"https:\/\/theatre-en-liberte.com\/blog\/wp-json\/wp\/v2\/posts"}],"about":[{"href":"https:\/\/theatre-en-liberte.com\/blog\/wp-json\/wp\/v2\/types\/post"}],"author":[{"embeddable":true,"href":"https:\/\/theatre-en-liberte.com\/blog\/wp-json\/wp\/v2\/users\/1"}],"replies":[{"embeddable":true,"href":"https:\/\/theatre-en-liberte.com\/blog\/wp-json\/wp\/v2\/comments?post=2258"}],"version-history":[{"count":7,"href":"https:\/\/theatre-en-liberte.com\/blog\/wp-json\/wp\/v2\/posts\/2258\/revisions"}],"predecessor-version":[{"id":2268,"href":"https:\/\/theatre-en-liberte.com\/blog\/wp-json\/wp\/v2\/posts\/2258\/revisions\/2268"}],"wp:featuredmedia":[{"embeddable":true,"href":"https:\/\/theatre-en-liberte.com\/blog\/wp-json\/wp\/v2\/media\/2260"}],"wp:attachment":[{"href":"https:\/\/theatre-en-liberte.com\/blog\/wp-json\/wp\/v2\/media?parent=2258"}],"wp:term":[{"taxonomy":"category","embeddable":true,"href":"https:\/\/theatre-en-liberte.com\/blog\/wp-json\/wp\/v2\/categories?post=2258"},{"taxonomy":"post_tag","embeddable":true,"href":"https:\/\/theatre-en-liberte.com\/blog\/wp-json\/wp\/v2\/tags?post=2258"}],"curies":[{"name":"wp","href":"https:\/\/api.w.org\/{rel}","templated":true}]}}