{"id":2649,"date":"2015-01-15T15:41:06","date_gmt":"2015-01-15T14:41:06","guid":{"rendered":"http:\/\/theatre-en-liberte.com\/blog\/?p=2649"},"modified":"2015-01-20T19:25:37","modified_gmt":"2015-01-20T18:25:37","slug":"les-representations-debutent","status":"publish","type":"post","link":"https:\/\/theatre-en-liberte.com\/blog\/les-representations-debutent\/","title":{"rendered":"Les repr\u00e9sentations d\u00e9butent"},"content":{"rendered":"<p>Dans l&rsquo;Hebdo de S\u00e8vre et Maine, le 15 janvier 2015&#8230;<\/p>\n<p>&nbsp;<\/p>\n<p><a href=\"http:\/\/theatre-en-liberte.com\/blog\/wp-content\/uploads\/2015-01-15-hebdo-de-sevre-et-maine-le-colonel-oiseau.jpg\"><img loading=\"lazy\" decoding=\"async\" class=\"alignright size-large wp-image-2654\" src=\"http:\/\/theatre-en-liberte.com\/blog\/wp-content\/uploads\/2015-01-15-hebdo-de-sevre-et-maine-le-colonel-oiseau-700x911.jpg\" alt=\"2015-01-15-hebdo-de-sevre-et-maine-le-colonel-oiseau\" width=\"660\" height=\"859\" srcset=\"https:\/\/theatre-en-liberte.com\/blog\/wp-content\/uploads\/2015-01-15-hebdo-de-sevre-et-maine-le-colonel-oiseau-700x911.jpg 700w, https:\/\/theatre-en-liberte.com\/blog\/wp-content\/uploads\/2015-01-15-hebdo-de-sevre-et-maine-le-colonel-oiseau-230x300.jpg 230w, https:\/\/theatre-en-liberte.com\/blog\/wp-content\/uploads\/2015-01-15-hebdo-de-sevre-et-maine-le-colonel-oiseau.jpg 768w, https:\/\/theatre-en-liberte.com\/blog\/wp-content\/uploads\/2015-01-15-hebdo-de-sevre-et-maine-le-colonel-oiseau-600x781.jpg 600w, https:\/\/theatre-en-liberte.com\/blog\/wp-content\/uploads\/2015-01-15-hebdo-de-sevre-et-maine-le-colonel-oiseau-215x280.jpg 215w\" sizes=\"auto, (max-width: 660px) 100vw, 660px\" \/><\/a><\/p>\n","protected":false},"excerpt":{"rendered":"<p>Dans l&rsquo;Hebdo de S\u00e8vre et Maine, le 15 janvier 2015&#8230; &nbsp;<\/p>\n","protected":false},"author":1,"featured_media":2654,"comment_status":"open","ping_status":"open","sticky":false,"template":"","format":"standard","meta":{"_monsterinsights_skip_tracking":false,"_monsterinsights_sitenote_active":false,"_monsterinsights_sitenote_note":"","_monsterinsights_sitenote_category":0,"footnotes":""},"categories":[23,17],"tags":[],"class_list":["post-2649","post","type-post","status-publish","format-standard","has-post-thumbnail","hentry","category-le-colonel-oiseau","category-presse"],"_links":{"self":[{"href":"https:\/\/theatre-en-liberte.com\/blog\/wp-json\/wp\/v2\/posts\/2649","targetHints":{"allow":["GET"]}}],"collection":[{"href":"https:\/\/theatre-en-liberte.com\/blog\/wp-json\/wp\/v2\/posts"}],"about":[{"href":"https:\/\/theatre-en-liberte.com\/blog\/wp-json\/wp\/v2\/types\/post"}],"author":[{"embeddable":true,"href":"https:\/\/theatre-en-liberte.com\/blog\/wp-json\/wp\/v2\/users\/1"}],"replies":[{"embeddable":true,"href":"https:\/\/theatre-en-liberte.com\/blog\/wp-json\/wp\/v2\/comments?post=2649"}],"version-history":[{"count":5,"href":"https:\/\/theatre-en-liberte.com\/blog\/wp-json\/wp\/v2\/posts\/2649\/revisions"}],"predecessor-version":[{"id":2658,"href":"https:\/\/theatre-en-liberte.com\/blog\/wp-json\/wp\/v2\/posts\/2649\/revisions\/2658"}],"wp:featuredmedia":[{"embeddable":true,"href":"https:\/\/theatre-en-liberte.com\/blog\/wp-json\/wp\/v2\/media\/2654"}],"wp:attachment":[{"href":"https:\/\/theatre-en-liberte.com\/blog\/wp-json\/wp\/v2\/media?parent=2649"}],"wp:term":[{"taxonomy":"category","embeddable":true,"href":"https:\/\/theatre-en-liberte.com\/blog\/wp-json\/wp\/v2\/categories?post=2649"},{"taxonomy":"post_tag","embeddable":true,"href":"https:\/\/theatre-en-liberte.com\/blog\/wp-json\/wp\/v2\/tags?post=2649"}],"curies":[{"name":"wp","href":"https:\/\/api.w.org\/{rel}","templated":true}]}}