{"id":2839,"date":"2015-02-12T09:01:28","date_gmt":"2015-02-12T08:01:28","guid":{"rendered":"http:\/\/theatre-en-liberte.com\/blog\/?p=2839"},"modified":"2015-02-24T09:03:05","modified_gmt":"2015-02-24T08:03:05","slug":"un-colonel-recu-au-chateau","status":"publish","type":"post","link":"https:\/\/theatre-en-liberte.com\/blog\/un-colonel-recu-au-chateau\/","title":{"rendered":"Un colonel re\u00e7u au ch\u00e2teau"},"content":{"rendered":"<p>Dans l&rsquo;Hebdo de S\u00e8vre et Maine, le 12 f\u00e9vrier 2015&#8230;<\/p>\n<p><a href=\"http:\/\/theatre-en-liberte.com\/blog\/wp-content\/uploads\/2015-02-12-hebdo-de-sevre-et-maine.jpg\"><img loading=\"lazy\" decoding=\"async\" class=\"alignnone wp-image-2840 size-full\" src=\"http:\/\/theatre-en-liberte.com\/blog\/wp-content\/uploads\/2015-02-12-hebdo-de-sevre-et-maine.jpg\" alt=\"2015-02-12-hebdo-de-sevre-et-maine\" width=\"719\" height=\"800\" srcset=\"https:\/\/theatre-en-liberte.com\/blog\/wp-content\/uploads\/2015-02-12-hebdo-de-sevre-et-maine.jpg 719w, https:\/\/theatre-en-liberte.com\/blog\/wp-content\/uploads\/2015-02-12-hebdo-de-sevre-et-maine-270x300.jpg 270w, https:\/\/theatre-en-liberte.com\/blog\/wp-content\/uploads\/2015-02-12-hebdo-de-sevre-et-maine-700x779.jpg 700w, https:\/\/theatre-en-liberte.com\/blog\/wp-content\/uploads\/2015-02-12-hebdo-de-sevre-et-maine-600x668.jpg 600w, https:\/\/theatre-en-liberte.com\/blog\/wp-content\/uploads\/2015-02-12-hebdo-de-sevre-et-maine-252x280.jpg 252w\" sizes=\"auto, (max-width: 719px) 100vw, 719px\" \/><\/a><\/p>\n","protected":false},"excerpt":{"rendered":"<p>Dans l&rsquo;Hebdo de S\u00e8vre et Maine, le 12 f\u00e9vrier 2015&#8230;<\/p>\n","protected":false},"author":1,"featured_media":2840,"comment_status":"open","ping_status":"open","sticky":false,"template":"","format":"standard","meta":{"_monsterinsights_skip_tracking":false,"_monsterinsights_sitenote_active":false,"_monsterinsights_sitenote_note":"","_monsterinsights_sitenote_category":0,"footnotes":""},"categories":[23,17],"tags":[],"class_list":["post-2839","post","type-post","status-publish","format-standard","has-post-thumbnail","hentry","category-le-colonel-oiseau","category-presse"],"_links":{"self":[{"href":"https:\/\/theatre-en-liberte.com\/blog\/wp-json\/wp\/v2\/posts\/2839","targetHints":{"allow":["GET"]}}],"collection":[{"href":"https:\/\/theatre-en-liberte.com\/blog\/wp-json\/wp\/v2\/posts"}],"about":[{"href":"https:\/\/theatre-en-liberte.com\/blog\/wp-json\/wp\/v2\/types\/post"}],"author":[{"embeddable":true,"href":"https:\/\/theatre-en-liberte.com\/blog\/wp-json\/wp\/v2\/users\/1"}],"replies":[{"embeddable":true,"href":"https:\/\/theatre-en-liberte.com\/blog\/wp-json\/wp\/v2\/comments?post=2839"}],"version-history":[{"count":1,"href":"https:\/\/theatre-en-liberte.com\/blog\/wp-json\/wp\/v2\/posts\/2839\/revisions"}],"predecessor-version":[{"id":2841,"href":"https:\/\/theatre-en-liberte.com\/blog\/wp-json\/wp\/v2\/posts\/2839\/revisions\/2841"}],"wp:featuredmedia":[{"embeddable":true,"href":"https:\/\/theatre-en-liberte.com\/blog\/wp-json\/wp\/v2\/media\/2840"}],"wp:attachment":[{"href":"https:\/\/theatre-en-liberte.com\/blog\/wp-json\/wp\/v2\/media?parent=2839"}],"wp:term":[{"taxonomy":"category","embeddable":true,"href":"https:\/\/theatre-en-liberte.com\/blog\/wp-json\/wp\/v2\/categories?post=2839"},{"taxonomy":"post_tag","embeddable":true,"href":"https:\/\/theatre-en-liberte.com\/blog\/wp-json\/wp\/v2\/tags?post=2839"}],"curies":[{"name":"wp","href":"https:\/\/api.w.org\/{rel}","templated":true}]}}