{"id":3435,"date":"2015-09-01T14:42:21","date_gmt":"2015-09-01T12:42:21","guid":{"rendered":"http:\/\/theatre-en-liberte.com\/blog\/?p=3435"},"modified":"2017-07-19T10:36:11","modified_gmt":"2017-07-19T08:36:11","slug":"c-est-la-rentree-recompenses-presse-forum","status":"publish","type":"post","link":"https:\/\/theatre-en-liberte.com\/blog\/c-est-la-rentree-recompenses-presse-forum\/","title":{"rendered":"C&rsquo;est la rentr\u00e9e ! R\u00e9compenses, presse, forum&#8230;"},"content":{"rendered":"<p>Le Th\u00e9\u00e2tre en Libert\u00e9 fait sa rentr\u00e9e ! Voici les infos \u00e0 retenir&#8230;<\/p>\n<h2>Une\u00a0r\u00e9compense !<\/h2>\n<p>En participant\u00a0au <a href=\"http:\/\/theatre-en-liberte.com\/blog\/lanester-56-juillet-2015\/\">Festival de Kerhervy<\/a>, en juillet, nous avons re\u00e7u le <strong>Prix de la Ville de Lanester<\/strong>, suite \u00e0 notre repr\u00e9sentation du <strong><a href=\"http:\/\/theatre-en-liberte.com\/blog\/creation-2014-15-le-colonel-oiseau\/\">Colonel Oiseau<\/a><\/strong>.\u00a0Cette nouvelle a \u00e9galement \u00e9t\u00e9 reprise dans la presse (Ouest France, Presse Ocean, L&rsquo;Hebdo de S\u00e8vre et Maine)&#8230; Une belle r\u00e9compense pour\u00a0cette\u00a0exp\u00e9rience unique de jouer en ext\u00e9rieur dans un cadre incroyable.<\/p>\n<p><a href=\"http:\/\/theatre-en-liberte.com\/blog\/wp-content\/uploads\/2015-07-10-presse-ocean.jpg\"><img loading=\"lazy\" decoding=\"async\" class=\"alignnone size-thumbnail wp-image-3433\" src=\"http:\/\/theatre-en-liberte.com\/blog\/wp-content\/uploads\/2015-07-10-presse-ocean-150x150.jpg\" alt=\"2015-07-10-presse-ocean\" width=\"150\" height=\"150\" srcset=\"https:\/\/theatre-en-liberte.com\/blog\/wp-content\/uploads\/2015-07-10-presse-ocean-150x150.jpg 150w, https:\/\/theatre-en-liberte.com\/blog\/wp-content\/uploads\/2015-07-10-presse-ocean-160x160.jpg 160w, https:\/\/theatre-en-liberte.com\/blog\/wp-content\/uploads\/2015-07-10-presse-ocean-320x320.jpg 320w\" sizes=\"auto, (max-width: 150px) 100vw, 150px\" \/><\/a>\u00a0<a href=\"http:\/\/theatre-en-liberte.com\/blog\/wp-content\/uploads\/2015-07-10-ouest-france.jpg\"><img loading=\"lazy\" decoding=\"async\" class=\"alignnone size-thumbnail wp-image-3432\" src=\"http:\/\/theatre-en-liberte.com\/blog\/wp-content\/uploads\/2015-07-10-ouest-france-150x150.jpg\" alt=\"2015-07-10-ouest-france\" width=\"150\" height=\"150\" srcset=\"https:\/\/theatre-en-liberte.com\/blog\/wp-content\/uploads\/2015-07-10-ouest-france-150x150.jpg 150w, https:\/\/theatre-en-liberte.com\/blog\/wp-content\/uploads\/2015-07-10-ouest-france-298x300.jpg 298w, https:\/\/theatre-en-liberte.com\/blog\/wp-content\/uploads\/2015-07-10-ouest-france-768x774.jpg 768w, https:\/\/theatre-en-liberte.com\/blog\/wp-content\/uploads\/2015-07-10-ouest-france-700x706.jpg 700w, https:\/\/theatre-en-liberte.com\/blog\/wp-content\/uploads\/2015-07-10-ouest-france-600x605.jpg 600w, https:\/\/theatre-en-liberte.com\/blog\/wp-content\/uploads\/2015-07-10-ouest-france-160x160.jpg 160w, https:\/\/theatre-en-liberte.com\/blog\/wp-content\/uploads\/2015-07-10-ouest-france-320x320.jpg 320w, https:\/\/theatre-en-liberte.com\/blog\/wp-content\/uploads\/2015-07-10-ouest-france-278x280.jpg 278w, https:\/\/theatre-en-liberte.com\/blog\/wp-content\/uploads\/2015-07-10-ouest-france.jpg 1000w\" sizes=\"auto, (max-width: 150px) 100vw, 150px\" \/><\/a> <a href=\"http:\/\/theatre-en-liberte.com\/blog\/wp-content\/uploads\/2015-07-16-hebdo-de-sevre-et-maine.jpg\"><img loading=\"lazy\" decoding=\"async\" class=\"alignnone size-thumbnail wp-image-3431\" src=\"http:\/\/theatre-en-liberte.com\/blog\/wp-content\/uploads\/2015-07-16-hebdo-de-sevre-et-maine-150x150.jpg\" alt=\"2015-07-16-hebdo-de-sevre-et-maine\" width=\"150\" height=\"150\" srcset=\"https:\/\/theatre-en-liberte.com\/blog\/wp-content\/uploads\/2015-07-16-hebdo-de-sevre-et-maine-150x150.jpg 150w, https:\/\/theatre-en-liberte.com\/blog\/wp-content\/uploads\/2015-07-16-hebdo-de-sevre-et-maine-160x160.jpg 160w, https:\/\/theatre-en-liberte.com\/blog\/wp-content\/uploads\/2015-07-16-hebdo-de-sevre-et-maine-320x320.jpg 320w\" sizes=\"auto, (max-width: 150px) 100vw, 150px\" \/><\/a>\u00a0\u00a0<a href=\"http:\/\/theatre-en-liberte.com\/blog\/wp-content\/uploads\/2015-09-11-vertou-magazine.jpg\"><img loading=\"lazy\" decoding=\"async\" class=\"alignnone size-thumbnail wp-image-3446\" src=\"http:\/\/theatre-en-liberte.com\/blog\/wp-content\/uploads\/2015-09-11-vertou-magazine-150x150.jpg\" alt=\"2015-09-11-vertou-magazine\" width=\"150\" height=\"150\" srcset=\"https:\/\/theatre-en-liberte.com\/blog\/wp-content\/uploads\/2015-09-11-vertou-magazine-150x150.jpg 150w, https:\/\/theatre-en-liberte.com\/blog\/wp-content\/uploads\/2015-09-11-vertou-magazine-160x160.jpg 160w, https:\/\/theatre-en-liberte.com\/blog\/wp-content\/uploads\/2015-09-11-vertou-magazine-320x320.jpg 320w\" sizes=\"auto, (max-width: 150px) 100vw, 150px\" \/><\/a><\/p>\n<h2>&#8230; une bande annonce !<\/h2>\n<p>Le d\u00e9but de l&rsquo;\u00e9t\u00e9 marque aussi la pr\u00e9sentation de notre future pi\u00e8ce, celle que nous travaillons depuis mars 2015. Quatri\u00e8me pi\u00e8ce mont\u00e9e par le Th\u00e9\u00e2tre en Libert\u00e9, nous pr\u00e9parons actuellement <strong><a href=\"http:\/\/theatre-en-liberte.com\/blog\/notre-prochaine-piece-le-prix-des-boites\/\">Le prix des boites<\/a><\/strong>, de Fr\u00e9d\u00e9ric Pommier\u00a0et nous la pr\u00e9senterons au Quatrain, \u00e0 Haute-Goulaine en janvier 2016.<\/p>\n<p><a href=\"http:\/\/theatre-en-liberte.com\/blog\/wp-content\/uploads\/2015-07-09-hebdo-de-sevre-et-maine.jpg\"><img loading=\"lazy\" decoding=\"async\" class=\"alignnone wp-image-3434 size-medium\" src=\"http:\/\/theatre-en-liberte.com\/blog\/wp-content\/uploads\/2015-07-09-hebdo-de-sevre-et-maine-189x300.jpg\" alt=\"2015-07-09-hebdo-de-sevre-et-maine\" width=\"189\" height=\"300\" srcset=\"https:\/\/theatre-en-liberte.com\/blog\/wp-content\/uploads\/2015-07-09-hebdo-de-sevre-et-maine-189x300.jpg 189w, https:\/\/theatre-en-liberte.com\/blog\/wp-content\/uploads\/2015-07-09-hebdo-de-sevre-et-maine-768x1218.jpg 768w, https:\/\/theatre-en-liberte.com\/blog\/wp-content\/uploads\/2015-07-09-hebdo-de-sevre-et-maine-700x1110.jpg 700w, https:\/\/theatre-en-liberte.com\/blog\/wp-content\/uploads\/2015-07-09-hebdo-de-sevre-et-maine-600x952.jpg 600w, https:\/\/theatre-en-liberte.com\/blog\/wp-content\/uploads\/2015-07-09-hebdo-de-sevre-et-maine-177x280.jpg 177w, https:\/\/theatre-en-liberte.com\/blog\/wp-content\/uploads\/2015-07-09-hebdo-de-sevre-et-maine.jpg 1000w\" sizes=\"auto, (max-width: 189px) 100vw, 189px\" \/><\/a><\/p>\n<h2>&#8230; et une journ\u00e9e de rencontre !<\/h2>\n<p>\u00c7a sera \u00e0 l&rsquo;occasion de la <a href=\"http:\/\/www.vertou.fr\/fr\/evenement\/107746\/journee-associations\">Journ\u00e9e des Associations<\/a> de Vertou, le dimanche 6 septembre de 9h30 \u00e0 16h30, salle S\u00e8vre et Maine.\u00a0Si vous souhaitez en savoir davantage sur nos repr\u00e9sentations, ou vous inscrire \u00e0 <strong><a href=\"http:\/\/theatre-en-liberte.com\/blog\/decouvrez-la-troupe-du-theatre-en-liberte\/\">l\u2019atelier th\u00e9\u00e2tre-loisir propos\u00e9 par le Th\u00e9\u00e2tre en Libert\u00e9<\/a><\/strong>, c&rsquo;est une excellente occasion de venir \u00e0 notre rencontre.<\/p>\n<p>Toutes les infos sont ici sur le site de la <a href=\"http:\/\/www.vertou.fr\/fr\/evenement\/107746\/journee-associations\">Ville de Vertou<\/a>\u00a0!<\/p>\n<p>&nbsp;<\/p>\n","protected":false},"excerpt":{"rendered":"<p>Le Th\u00e9\u00e2tre en Libert\u00e9 fait sa rentr\u00e9e ! Voici les infos \u00e0 retenir&#8230; Une\u00a0r\u00e9compense ! En participant\u00a0au Festival de Kerhervy, en juillet, nous avons re\u00e7u le Prix de la Ville de Lanester, suite \u00e0&#46;&#46;&#46;<\/p>\n","protected":false},"author":1,"featured_media":3441,"comment_status":"open","ping_status":"closed","sticky":false,"template":"","format":"standard","meta":{"_monsterinsights_skip_tracking":false,"_monsterinsights_sitenote_active":false,"_monsterinsights_sitenote_note":"","_monsterinsights_sitenote_category":0,"footnotes":""},"categories":[18,23,25,17],"tags":[],"class_list":["post-3435","post","type-post","status-publish","format-standard","has-post-thumbnail","hentry","category-la-troupe","category-le-colonel-oiseau","category-le-prix-des-boites","category-presse"],"_links":{"self":[{"href":"https:\/\/theatre-en-liberte.com\/blog\/wp-json\/wp\/v2\/posts\/3435","targetHints":{"allow":["GET"]}}],"collection":[{"href":"https:\/\/theatre-en-liberte.com\/blog\/wp-json\/wp\/v2\/posts"}],"about":[{"href":"https:\/\/theatre-en-liberte.com\/blog\/wp-json\/wp\/v2\/types\/post"}],"author":[{"embeddable":true,"href":"https:\/\/theatre-en-liberte.com\/blog\/wp-json\/wp\/v2\/users\/1"}],"replies":[{"embeddable":true,"href":"https:\/\/theatre-en-liberte.com\/blog\/wp-json\/wp\/v2\/comments?post=3435"}],"version-history":[{"count":8,"href":"https:\/\/theatre-en-liberte.com\/blog\/wp-json\/wp\/v2\/posts\/3435\/revisions"}],"predecessor-version":[{"id":3918,"href":"https:\/\/theatre-en-liberte.com\/blog\/wp-json\/wp\/v2\/posts\/3435\/revisions\/3918"}],"wp:featuredmedia":[{"embeddable":true,"href":"https:\/\/theatre-en-liberte.com\/blog\/wp-json\/wp\/v2\/media\/3441"}],"wp:attachment":[{"href":"https:\/\/theatre-en-liberte.com\/blog\/wp-json\/wp\/v2\/media?parent=3435"}],"wp:term":[{"taxonomy":"category","embeddable":true,"href":"https:\/\/theatre-en-liberte.com\/blog\/wp-json\/wp\/v2\/categories?post=3435"},{"taxonomy":"post_tag","embeddable":true,"href":"https:\/\/theatre-en-liberte.com\/blog\/wp-json\/wp\/v2\/tags?post=3435"}],"curies":[{"name":"wp","href":"https:\/\/api.w.org\/{rel}","templated":true}]}}