{"id":367,"date":"2013-05-07T16:11:53","date_gmt":"2013-05-07T14:11:53","guid":{"rendered":"http:\/\/theatre-en-liberte.com\/blog\/?p=367"},"modified":"2013-06-10T15:19:17","modified_gmt":"2013-06-10T13:19:17","slug":"12emes-rencontres-de-theatre-amateur-en-loire-atlantique","status":"publish","type":"post","link":"https:\/\/theatre-en-liberte.com\/blog\/12emes-rencontres-de-theatre-amateur-en-loire-atlantique\/","title":{"rendered":"12\u00e8mes Rencontres de th\u00e9\u00e2tre amateur en Loire-Atlantique"},"content":{"rendered":"<h2>Tout savoir sur l&rsquo;organisation&#8230;<\/h2>\n<h2><a href=\"http:\/\/theatre-en-liberte.com\/blog\/wp-content\/uploads\/2013-moins-2-festhea-champilambart.jpg\"><img loading=\"lazy\" decoding=\"async\" class=\"alignright\" alt=\"2012-moins-2-festhea-champilambart\" src=\"http:\/\/theatre-en-liberte.com\/blog\/wp-content\/uploads\/2013-moins-2-festhea-champilambart-211x300.jpg\" width=\"211\" height=\"300\" \/><\/a><\/h2>\n<p>Le Th\u00e9\u00e2tre en Libert\u00e9 est s\u00e9lectionn\u00e9 pour d\u00e9fendre une place en finale, dans le cadre des 12es Rencontres de th\u00e9\u00e2tre amateur en Loire-Atlantique (Festival Festh\u00e9a)&#8230; Voici <strong>toutes les infos pratiques<\/strong> pour venir nous soutenir et profiter de l&rsquo;ambiance \u00ab\u00a0festival\u00a0\u00bb de ce week-end exceptionnel !<\/p>\n<p>Le festival se d\u00e9roulera du <strong>vendredi 7 au dimanche 9 juin 2013 au\u00a0Champilambart<\/strong>, 13 rue des dorices \u00e0 Vallet\u00a0(<a href=\"https:\/\/plus.google.com\/113138378596524915383\/about?gl=fr&amp;hl=fr\" target=\"_blank\">plan d&rsquo;acc\u00e8s sur Google Maps<\/a>).<\/p>\n<p><strong>Tarifs :<\/strong>\u00a0plein 5\u20ac (1 spectacle) \/ 3\u20ac (\u00e0 partir de 3 spectacles diff\u00e9rents),\u00a0r\u00e9duit 3\u20ac (1 spectacle) \/ 3\u20ac (\u00e0 partir de 3 spectacles diff\u00e9rents).<\/p>\n<p><strong>Sur place en permanence :<\/strong> librairie, bar, restauration rapide et traditionnelle.<\/p>\n<p><strong>Informations :<\/strong> Le Grand T au 02 28 24 28 24 \/ Le Champilambart au 02 40 36 42 81.\u00a0Billetterie en ligne sur <a href=\"http:\/\/www.champilambart.fr\" target=\"_blank\">www.champilambart.fr<\/a>\u00a0ou Office de Tourisme du vignoble de Nantes, Antenne de Vallet, Place Charles de Gaulle au 02 40 36 20 30.<\/p>\n<h3 style=\"text-align: center;\"><a href=\"http:\/\/www.champilambart.fr\/achat-de-billets\/\" target=\"_blank\">Cliquez ici pour acheter vos billets en ligne !<\/a><\/h3>\n<h2>Au programme&#8230;<\/h2>\n<p><strong>Vendredi 7 :<\/strong><br \/>\n20h15 : La S\u00e9questr\u00e9e de Poitiers d\u2019apr\u00e8s andr\u00e9 Gide par Les Gens d\u2019ici &#8211; cou\u00ebron (44)<br \/>\n22h15 : Les r\u00e8gles du savoir-vivre de Jean-Luc Lagarce par Le Th\u00e9\u00e2tre du Rimel &#8211; Nantes (44)<\/p>\n<p><strong>Samedi 8 :<\/strong><br \/>\n10h15 : Lecture entre les f\u00fbts: quelques extraits de pi\u00e8ces d\u2019aujourd\u2019hui\u00a0lus par des com\u00e9diens de la Fid\u00e8le Id\u00e9e, compagnie nantaise. Rendez-vous au Champilambart pour covoiturer vers Le domaine du Moulin Camus.<br \/>\n12h00 : Inauguration de la manifestation,\u00a0ap\u00e9ritif-concert avec l\u2019ensemble \u00e0 cordes de l\u2019\u00e9cole de musique de Vallet (sous r\u00e9serve)<br \/>\n14h00 : Les Sept Jours de Simon Labrosse de Carole Fr\u00e9chette par Akabi Cie &#8211; Angers (49)<br \/>\n<strong><span style=\"color: #800000;\">15h35 : Moins Deux de Samuel Benchetrit par Th\u00e9\u00e2tre en Libert\u00e9 &#8211; Vertou (44)<\/span><\/strong><br \/>\n17h40 : \u00c0 tous ceux qui\u2026 de No\u00eblle Renaude par Oz\u00e9phyr Th\u00e9\u00e2tre &#8211; Avrill\u00e9 (49) 75\u2009mn<br \/>\n20h15 : Dans la joie et la bonne humeur de Sylvain Levey par La Compagnie du Noyau &#8211; Fontenay-Le-comte (85)<br \/>\n22h05 : Le Ravissement d\u2019Ad\u00e8le de R\u00e9mi de Vos par L\u00e9z\u2019arts &#8211; Geneston (44)<\/p>\n<p><strong>Dimanche 9 :<\/strong><br \/>\n11h30 : The Dab Dixie, jazz New Orleans -\u2009ap\u00e9ritif-concert, sur Le Parvis du Champilambart<br \/>\n14h00 : Le Jardin de Brigitte Buc par La CapsuLe &#8211; Blain (44)<br \/>\n16h05 : La Peau elle plisse Cr\u00e9ation Collective Des Fagotins &#8211; Cholet (49)<br \/>\n17h15 : Le Racing-Club-Choral en concert sur le parvis,\u00a0chorale disco, rock, punk &#8211; Nantes (44)<br \/>\n18h30 : C\u00e9r\u00e9monie de cl\u00f4ture et palmar\u00e8s<br \/>\n19h00 : Pot de cl\u00f4ture<\/p>\n<h2>Mais aussi&#8230;<\/h2>\n<p>Lu dans le magazine \u00ab\u00a0Loire-Atlantique\u00a0\u00bb n\u00b0123 :<\/p>\n<p><a href=\"http:\/\/theatre-en-liberte.com\/blog\/wp-content\/uploads\/2013-05-01-magazine-loire-atlantique.jpg\"><img loading=\"lazy\" decoding=\"async\" class=\"aligncenter size-large wp-image-488\" alt=\"2013-05-01-magazine-loire-atlantique\" src=\"http:\/\/theatre-en-liberte.com\/blog\/wp-content\/uploads\/2013-05-01-magazine-loire-atlantique-700x1059.jpg\" width=\"660\" height=\"998\" srcset=\"https:\/\/theatre-en-liberte.com\/blog\/wp-content\/uploads\/2013-05-01-magazine-loire-atlantique-700x1059.jpg 700w, https:\/\/theatre-en-liberte.com\/blog\/wp-content\/uploads\/2013-05-01-magazine-loire-atlantique-198x300.jpg 198w, https:\/\/theatre-en-liberte.com\/blog\/wp-content\/uploads\/2013-05-01-magazine-loire-atlantique-768x1162.jpg 768w, https:\/\/theatre-en-liberte.com\/blog\/wp-content\/uploads\/2013-05-01-magazine-loire-atlantique-600x908.jpg 600w, https:\/\/theatre-en-liberte.com\/blog\/wp-content\/uploads\/2013-05-01-magazine-loire-atlantique-185x280.jpg 185w, https:\/\/theatre-en-liberte.com\/blog\/wp-content\/uploads\/2013-05-01-magazine-loire-atlantique.jpg 1000w\" sizes=\"auto, (max-width: 660px) 100vw, 660px\" \/><\/a><\/p>\n","protected":false},"excerpt":{"rendered":"<p>Tout savoir sur l&rsquo;organisation&#8230; Le Th\u00e9\u00e2tre en Libert\u00e9 est s\u00e9lectionn\u00e9 pour d\u00e9fendre une place en finale, dans le cadre des 12es Rencontres de th\u00e9\u00e2tre amateur en Loire-Atlantique (Festival Festh\u00e9a)&#8230; Voici toutes les infos pratiques&#46;&#46;&#46;<\/p>\n","protected":false},"author":1,"featured_media":482,"comment_status":"open","ping_status":"open","sticky":false,"template":"","format":"standard","meta":{"_monsterinsights_skip_tracking":false,"_monsterinsights_sitenote_active":false,"_monsterinsights_sitenote_note":"","_monsterinsights_sitenote_category":0,"footnotes":""},"categories":[16,2],"tags":[],"class_list":["post-367","post","type-post","status-publish","format-standard","has-post-thumbnail","hentry","category-festival","category-moins-2"],"_links":{"self":[{"href":"https:\/\/theatre-en-liberte.com\/blog\/wp-json\/wp\/v2\/posts\/367","targetHints":{"allow":["GET"]}}],"collection":[{"href":"https:\/\/theatre-en-liberte.com\/blog\/wp-json\/wp\/v2\/posts"}],"about":[{"href":"https:\/\/theatre-en-liberte.com\/blog\/wp-json\/wp\/v2\/types\/post"}],"author":[{"embeddable":true,"href":"https:\/\/theatre-en-liberte.com\/blog\/wp-json\/wp\/v2\/users\/1"}],"replies":[{"embeddable":true,"href":"https:\/\/theatre-en-liberte.com\/blog\/wp-json\/wp\/v2\/comments?post=367"}],"version-history":[{"count":17,"href":"https:\/\/theatre-en-liberte.com\/blog\/wp-json\/wp\/v2\/posts\/367\/revisions"}],"predecessor-version":[{"id":867,"href":"https:\/\/theatre-en-liberte.com\/blog\/wp-json\/wp\/v2\/posts\/367\/revisions\/867"}],"wp:featuredmedia":[{"embeddable":true,"href":"https:\/\/theatre-en-liberte.com\/blog\/wp-json\/wp\/v2\/media\/482"}],"wp:attachment":[{"href":"https:\/\/theatre-en-liberte.com\/blog\/wp-json\/wp\/v2\/media?parent=367"}],"wp:term":[{"taxonomy":"category","embeddable":true,"href":"https:\/\/theatre-en-liberte.com\/blog\/wp-json\/wp\/v2\/categories?post=367"},{"taxonomy":"post_tag","embeddable":true,"href":"https:\/\/theatre-en-liberte.com\/blog\/wp-json\/wp\/v2\/tags?post=367"}],"curies":[{"name":"wp","href":"https:\/\/api.w.org\/{rel}","templated":true}]}}