{"id":3791,"date":"2016-04-04T14:39:23","date_gmt":"2016-04-04T12:39:23","guid":{"rendered":"http:\/\/theatre-en-liberte.com\/blog\/?p=3791"},"modified":"2017-07-19T10:35:00","modified_gmt":"2017-07-19T08:35:00","slug":"le-theatre-en-liberte-au-festival-les-arlequins","status":"publish","type":"post","link":"https:\/\/theatre-en-liberte.com\/blog\/le-theatre-en-liberte-au-festival-les-arlequins\/","title":{"rendered":"Le Th\u00e9\u00e2tre en Libert\u00e9 au Festival Les Arlequins"},"content":{"rendered":"<p><strong>Pour la premi\u00e8re fois, nous allons participer au Festival Les Arlequins, qui se d\u00e9roule chaque ann\u00e9e \u00e0 Cholet depuis maintenant 30 ans ! Nous aurons ainsi l&rsquo;occasion de pr\u00e9senter notre cr\u00e9ation du <a href=\"http:\/\/theatre-en-liberte.com\/blog\/creation-2014-15-le-colonel-oiseau\/\">Colonel Oiseau<\/a>, dans un format bien sp\u00e9cial&#8230;<\/strong><\/p>\n<p><a href=\"http:\/\/theatre-en-liberte.com\/blog\/wp-content\/uploads\/visuel-festival-les-arlequins-cholet-2016.jpg\" rel=\"attachment wp-att-3792\"><img loading=\"lazy\" decoding=\"async\" class=\"alignnone wp-image-3792 size-full aligncenter\" src=\"http:\/\/theatre-en-liberte.com\/blog\/wp-content\/uploads\/visuel-festival-les-arlequins-cholet-2016.jpg\" alt=\"visuel-festival-les-arlequins-cholet-2016\" width=\"600\" height=\"300\" srcset=\"https:\/\/theatre-en-liberte.com\/blog\/wp-content\/uploads\/visuel-festival-les-arlequins-cholet-2016.jpg 600w, https:\/\/theatre-en-liberte.com\/blog\/wp-content\/uploads\/visuel-festival-les-arlequins-cholet-2016-300x150.jpg 300w, https:\/\/theatre-en-liberte.com\/blog\/wp-content\/uploads\/visuel-festival-les-arlequins-cholet-2016-560x280.jpg 560w\" sizes=\"auto, (max-width: 600px) 100vw, 600px\" \/><\/a><\/p>\n<p>Cr\u00e9\u00e9 en 1987, le <a href=\"http:\/\/www.cholet.fr\/welcome\/arlequins.php\">festival des Arlequins<\/a> a pour objectif de promouvoir le th\u00e9\u00e2tre amateur. Il pr\u00e9sente chaque ann\u00e9e plus d&rsquo;une dizaine de troupes amateurs, qui concourent \u00e0 l&rsquo;Arlequin d&rsquo;Or, d&rsquo;Argent et de Bronze. C&rsquo;est <strong>l&rsquo;un des plus c\u00e9l\u00e8bres festivals de th\u00e9\u00e2tre amateur<\/strong>&#8230; Cette 30e \u00e9dition se d\u00e9roulera du mercredi 6 au dimanche 10 avril 2016, au Th\u00e9\u00e2tre Saint Louis mais aussi dans le lieux culturels de la ville \u00e0 l&rsquo;occasion d&rsquo;animations autour du th\u00e9\u00e2tre.\u00a0<strong>Nous pr\u00e9senterons le Colonel Oiseau au jury et au public du festival le vendredi 8 avril \u00e0 16h00<\/strong>\u00a0!<\/p>\n<p>Au total ce sont 12 troupes de la France enti\u00e8re qui ont \u00e9t\u00e9 s\u00e9lectionn\u00e9es, pour pr\u00e9senter des pi\u00e8ces d&rsquo;une dur\u00e9e maximale d&rsquo;une heure, ce qui nous a amen\u00e9 \u00e0 concevoir une mise en sc\u00e8ne raccourcie, beaucoup plus \u00e9pur\u00e9e que <a href=\"http:\/\/theatre-en-liberte.com\/blog\/category\/le-colonel-oiseau\/\">nos pr\u00e9c\u00e9dentes repr\u00e9sentations<\/a>&#8230;<\/p>\n<p>Le jury sera pr\u00e9sid\u00e9 par l&rsquo;auteur, Jean-Paul Al\u00e8gre.\u00a0Il sera entour\u00e9 par des professionnels du th\u00e9\u00e2tre :<\/p>\n<ul>\n<li>Louis-Do de Lencquesaing, com\u00e9dien et metteur en sc\u00e8ne,<\/li>\n<li>Valentine Galey, com\u00e9dienne, H\u00e9l\u00e8ne Godec, com\u00e9dienne,<\/li>\n<li>V\u00e9ronique Olmi, auteure, La\u00ebtitia Spigarelli, com\u00e9dienne,<\/li>\n<li>Patrick Pelloquet, metteur en sc\u00e8ne, com\u00e9dien, Directeur du Th\u00e9\u00e2tre R\u00e9gional des Pays de la Loire,<\/li>\n<li>et Olivier Simonneau, repr\u00e9sentant du Comit\u00e9 de S\u00e9lection.<\/li>\n<\/ul>\n<p>Infos pratiques, programme d\u00e9taill\u00e9, et pr\u00e9sentation des membres du jury sont sur cette page <a href=\"http:\/\/www.cholet.fr\/welcome\/arlequins.php\">sur le site officiel de la Ville de Cholet<\/a> !<\/p>\n","protected":false},"excerpt":{"rendered":"<p>Pour la premi\u00e8re fois, nous allons participer au Festival Les Arlequins, qui se d\u00e9roule chaque ann\u00e9e \u00e0 Cholet depuis maintenant 30 ans ! Nous aurons ainsi l&rsquo;occasion de pr\u00e9senter notre cr\u00e9ation du Colonel Oiseau,&#46;&#46;&#46;<\/p>\n","protected":false},"author":1,"featured_media":3792,"comment_status":"open","ping_status":"closed","sticky":false,"template":"","format":"standard","meta":{"_monsterinsights_skip_tracking":false,"_monsterinsights_sitenote_active":false,"_monsterinsights_sitenote_note":"","_monsterinsights_sitenote_category":0,"footnotes":""},"categories":[16,23],"tags":[],"class_list":["post-3791","post","type-post","status-publish","format-standard","has-post-thumbnail","hentry","category-festival","category-le-colonel-oiseau"],"_links":{"self":[{"href":"https:\/\/theatre-en-liberte.com\/blog\/wp-json\/wp\/v2\/posts\/3791","targetHints":{"allow":["GET"]}}],"collection":[{"href":"https:\/\/theatre-en-liberte.com\/blog\/wp-json\/wp\/v2\/posts"}],"about":[{"href":"https:\/\/theatre-en-liberte.com\/blog\/wp-json\/wp\/v2\/types\/post"}],"author":[{"embeddable":true,"href":"https:\/\/theatre-en-liberte.com\/blog\/wp-json\/wp\/v2\/users\/1"}],"replies":[{"embeddable":true,"href":"https:\/\/theatre-en-liberte.com\/blog\/wp-json\/wp\/v2\/comments?post=3791"}],"version-history":[{"count":1,"href":"https:\/\/theatre-en-liberte.com\/blog\/wp-json\/wp\/v2\/posts\/3791\/revisions"}],"predecessor-version":[{"id":3793,"href":"https:\/\/theatre-en-liberte.com\/blog\/wp-json\/wp\/v2\/posts\/3791\/revisions\/3793"}],"wp:featuredmedia":[{"embeddable":true,"href":"https:\/\/theatre-en-liberte.com\/blog\/wp-json\/wp\/v2\/media\/3792"}],"wp:attachment":[{"href":"https:\/\/theatre-en-liberte.com\/blog\/wp-json\/wp\/v2\/media?parent=3791"}],"wp:term":[{"taxonomy":"category","embeddable":true,"href":"https:\/\/theatre-en-liberte.com\/blog\/wp-json\/wp\/v2\/categories?post=3791"},{"taxonomy":"post_tag","embeddable":true,"href":"https:\/\/theatre-en-liberte.com\/blog\/wp-json\/wp\/v2\/tags?post=3791"}],"curies":[{"name":"wp","href":"https:\/\/api.w.org\/{rel}","templated":true}]}}