{"id":387,"date":"2013-05-02T10:50:38","date_gmt":"2013-05-02T08:50:38","guid":{"rendered":"http:\/\/theatre-en-liberte.com\/blog\/?p=387"},"modified":"2013-05-21T10:37:07","modified_gmt":"2013-05-21T08:37:07","slug":"le-theatre-en-liberte-a-la-chapelle-basse-mer","status":"publish","type":"post","link":"https:\/\/theatre-en-liberte.com\/blog\/le-theatre-en-liberte-a-la-chapelle-basse-mer\/","title":{"rendered":"Le Th\u00e9\u00e2tre en Libert\u00e9 \u00e0 la Chapelle-Basse-Mer"},"content":{"rendered":"<p>Le Th\u00e9\u00e2tre du Point Rouge a cr\u00e9\u00e9 une \u00ab\u00a0<strong>programmation de printemps<\/strong>\u00a0\u00bb avec 4 pi\u00e8ces, dont <a title=\"Cr\u00e9ation 2012-2013 : Moins 2\" href=\"http:\/\/theatre-en-liberte.com\/blog\/creation-2012-2013-moins-2\/\">notre cr\u00e9ation \u00ab\u00a0Moins 2\u00a0\u00bb<\/a>, se produisant \u00e0 l&rsquo;Espace Jacques Demy de la Chapelle-Basse-Mer&#8230;<\/p>\n<p>Dans l&rsquo;Hebdo de S\u00e8vre et Maine (mai 2013) :<\/p>\n<p><a href=\"http:\/\/theatre-en-liberte.com\/blog\/wp-content\/uploads\/2013-05-02-hebdo-de-sevre-et-maine.jpg\"><img loading=\"lazy\" decoding=\"async\" class=\"aligncenter size-large wp-image-389\" alt=\"2013-05-02-hebdo-de-sevre-et-maine\" src=\"http:\/\/theatre-en-liberte.com\/blog\/wp-content\/uploads\/2013-05-02-hebdo-de-sevre-et-maine-700x764.jpg\" width=\"660\" height=\"720\" srcset=\"https:\/\/theatre-en-liberte.com\/blog\/wp-content\/uploads\/2013-05-02-hebdo-de-sevre-et-maine-700x764.jpg 700w, https:\/\/theatre-en-liberte.com\/blog\/wp-content\/uploads\/2013-05-02-hebdo-de-sevre-et-maine-275x300.jpg 275w, https:\/\/theatre-en-liberte.com\/blog\/wp-content\/uploads\/2013-05-02-hebdo-de-sevre-et-maine-768x839.jpg 768w, https:\/\/theatre-en-liberte.com\/blog\/wp-content\/uploads\/2013-05-02-hebdo-de-sevre-et-maine-600x655.jpg 600w, https:\/\/theatre-en-liberte.com\/blog\/wp-content\/uploads\/2013-05-02-hebdo-de-sevre-et-maine-256x280.jpg 256w, https:\/\/theatre-en-liberte.com\/blog\/wp-content\/uploads\/2013-05-02-hebdo-de-sevre-et-maine.jpg 1000w\" sizes=\"auto, (max-width: 660px) 100vw, 660px\" \/><\/a><\/p>\n<p>&nbsp;<\/p>\n<p>&nbsp;<\/p>\n","protected":false},"excerpt":{"rendered":"<p>Le Th\u00e9\u00e2tre du Point Rouge a cr\u00e9\u00e9 une \u00ab\u00a0programmation de printemps\u00a0\u00bb avec 4 pi\u00e8ces, dont notre cr\u00e9ation \u00ab\u00a0Moins 2\u00a0\u00bb, se produisant \u00e0 l&rsquo;Espace Jacques Demy de la Chapelle-Basse-Mer&#8230; Dans l&rsquo;Hebdo de S\u00e8vre et Maine&#46;&#46;&#46;<\/p>\n","protected":false},"author":1,"featured_media":389,"comment_status":"open","ping_status":"open","sticky":false,"template":"","format":"standard","meta":{"_monsterinsights_skip_tracking":false,"_monsterinsights_sitenote_active":false,"_monsterinsights_sitenote_note":"","_monsterinsights_sitenote_category":0,"footnotes":""},"categories":[16,2,17],"tags":[],"class_list":["post-387","post","type-post","status-publish","format-standard","has-post-thumbnail","hentry","category-festival","category-moins-2","category-presse"],"_links":{"self":[{"href":"https:\/\/theatre-en-liberte.com\/blog\/wp-json\/wp\/v2\/posts\/387","targetHints":{"allow":["GET"]}}],"collection":[{"href":"https:\/\/theatre-en-liberte.com\/blog\/wp-json\/wp\/v2\/posts"}],"about":[{"href":"https:\/\/theatre-en-liberte.com\/blog\/wp-json\/wp\/v2\/types\/post"}],"author":[{"embeddable":true,"href":"https:\/\/theatre-en-liberte.com\/blog\/wp-json\/wp\/v2\/users\/1"}],"replies":[{"embeddable":true,"href":"https:\/\/theatre-en-liberte.com\/blog\/wp-json\/wp\/v2\/comments?post=387"}],"version-history":[{"count":9,"href":"https:\/\/theatre-en-liberte.com\/blog\/wp-json\/wp\/v2\/posts\/387\/revisions"}],"predecessor-version":[{"id":563,"href":"https:\/\/theatre-en-liberte.com\/blog\/wp-json\/wp\/v2\/posts\/387\/revisions\/563"}],"wp:featuredmedia":[{"embeddable":true,"href":"https:\/\/theatre-en-liberte.com\/blog\/wp-json\/wp\/v2\/media\/389"}],"wp:attachment":[{"href":"https:\/\/theatre-en-liberte.com\/blog\/wp-json\/wp\/v2\/media?parent=387"}],"wp:term":[{"taxonomy":"category","embeddable":true,"href":"https:\/\/theatre-en-liberte.com\/blog\/wp-json\/wp\/v2\/categories?post=387"},{"taxonomy":"post_tag","embeddable":true,"href":"https:\/\/theatre-en-liberte.com\/blog\/wp-json\/wp\/v2\/tags?post=387"}],"curies":[{"name":"wp","href":"https:\/\/api.w.org\/{rel}","templated":true}]}}