{"id":5656,"date":"2018-11-11T11:00:36","date_gmt":"2018-11-11T10:00:36","guid":{"rendered":"http:\/\/theatre-en-liberte.com\/blog\/?p=5656"},"modified":"2018-11-17T09:01:44","modified_gmt":"2018-11-17T08:01:44","slug":"le-theatre-en-liberte-participe-au-centenaire-de-la-premiere-guerre-mondiale","status":"publish","type":"post","link":"https:\/\/theatre-en-liberte.com\/blog\/le-theatre-en-liberte-participe-au-centenaire-de-la-premiere-guerre-mondiale\/","title":{"rendered":"Le Th\u00e9\u00e2tre en Libert\u00e9 participe au Centenaire de la Premi\u00e8re Guerre mondiale"},"content":{"rendered":"<p style=\"font-weight: 400;\">Du 16 octobre au 11 novembre 2018 , Vertou a comm\u00e9mor\u00e9 le centenaire de la Premi\u00e8re Guerre mondiale. Exposition, th\u00e9\u00e2tre, cin\u00e9ma et comm\u00e9moration \u00e9taient au programme et ont retrac\u00e9 cette p\u00e9riode sombre de l\u2019histoire du XXe si\u00e8cle.\u00a0<strong>Le Th\u00e9\u00e2tre en Libert\u00e9 s\u2019est associ\u00e9 \u00e0 la Ville<\/strong>\u00a0en participant\u00a0:<\/p>\n<ul style=\"font-weight: 400;\">\n<li><strong>A la sc\u00e9nographie de l\u2019Exposition<\/strong>\u00a0\u00a0<strong>\u00ab Elles ont aussi fait la guerre \u00bb<\/strong><strong>,<\/strong>\u00a0\u00e0 la\u00a0<strong>biblioth\u00e8que Libre Cour de Vertou<\/strong>\u00a0(Gratuit \u2013 du 16 octobre au 10 novembre \u2013 <a href=\"http:\/\/www.vertou.fr\/fr\/information\/79021\/libre-cour-bibliotheque-vertou\">site officiel<\/a>). Replongez-vous 100 ans en arri\u00e8re, \u00e0 l\u2019\u00e9poque de la Premi\u00e8re Guerre mondiale\u2026 Costumes, documents vid\u00e9o en 3D, objets de guerre, univers sonore, pour d\u00e9couvrir le contexte de vie au front, la condition f\u00e9minine de l\u2019\u00e9poque et son \u00e9volution, l\u2019activit\u00e9 \u00e9conomique de Vertou pendant la guerre (conserverie Tertrais, BN, Verrerie de Bretagne,\u2026)<\/li>\n<li><strong>Le 11 novembre 2018 \u00e0 partir de 11h Salle S\u00e8vre et Maine &#8211; Vertou<\/strong>\u00a0: Le\u00a0<strong>Th\u00e9\u00e2tre en Libert\u00e9<\/strong>\u00a0a propos\u00e9\u00a0<strong>une\u00a0lecture : T\u00e9moignages de poilus\u00a0<\/strong>lors de la c\u00e9r\u00e9monie comm\u00e9morative \u00e0 laquelle 1000 vertaviens ont assist\u00e9.<\/li>\n<\/ul>\n<p style=\"font-weight: 400;\">Toujours en relation avec la Premi\u00e8re Guerre Mondiale, retrouvez\u00a0<strong>la nouvelle cr\u00e9ation 2019 du Th\u00e9\u00e2tre en Libert\u00e9<\/strong>\u00a0:\u00a0<strong>\u00a0<a href=\"http:\/\/theatre-en-liberte.com\/blog\/creation-2018-19-dans-le-vif\/\" data-saferedirecturl=\"https:\/\/www.google.com\/url?q=http:\/\/theatre-en-liberte.com\/blog\/creation-2018-19-dans-le-vif\/&amp;source=gmail&amp;ust=1540014818911000&amp;usg=AFQjCNGu7i11VsZHO1aluftbxeUQtYKhHg\">Dans le Vif<\/a><\/strong>, pi\u00e8ce de Marc Dugowson \u2013 A partir de 12 ans &#8211; \u00a0retra\u00e7ant l\u2019histoire d\u2019un jeune homme\u00a0depuis sa naissance en 1890 dans\u00a0une famille paysanne jusqu\u2019\u00e0\u00a0sa plong\u00e9e\u00a0dans\u00a0les affres de la Premi\u00e8re Guerre mondiale.<\/p>\n<p style=\"font-weight: 400;\">Dans le Vif, par le Th\u00e9\u00e2tre en Libert\u00e9, \u00e0 <a href=\"http:\/\/www.lequatrain.fr\/\">l\u2019espace culturel le Quatrain<\/a>,\u00a0<strong>Vendredi 22 f\u00e9vrier 2019<\/strong>\u00a0(20h30)<strong>, samedi 23\u00a0<\/strong>(20h30)\u00a0<strong>et dimanche 24\u00a0<\/strong>(15h00), r\u00e9servations au 06 08 94 04 51. Tarif : 11 \u20ac (r\u00e9duit : 6 \u20ac).<\/p>\n<p><a href=\"http:\/\/theatre-en-liberte.com\/blog\/wp-content\/uploads\/commemoration-11-novembre-05.jpg\"><img loading=\"lazy\" decoding=\"async\" class=\"alignnone size-thumbnail wp-image-5718\" src=\"http:\/\/theatre-en-liberte.com\/blog\/wp-content\/uploads\/commemoration-11-novembre-05-150x150.jpg\" alt=\"\" width=\"150\" height=\"150\" srcset=\"https:\/\/theatre-en-liberte.com\/blog\/wp-content\/uploads\/commemoration-11-novembre-05-150x150.jpg 150w, https:\/\/theatre-en-liberte.com\/blog\/wp-content\/uploads\/commemoration-11-novembre-05-160x160.jpg 160w, https:\/\/theatre-en-liberte.com\/blog\/wp-content\/uploads\/commemoration-11-novembre-05-320x320.jpg 320w\" sizes=\"auto, (max-width: 150px) 100vw, 150px\" \/><\/a> <a href=\"http:\/\/theatre-en-liberte.com\/blog\/wp-content\/uploads\/commemoration-11-novembre-02.jpg\"><img loading=\"lazy\" decoding=\"async\" class=\"alignnone size-thumbnail wp-image-5720\" src=\"http:\/\/theatre-en-liberte.com\/blog\/wp-content\/uploads\/commemoration-11-novembre-02-150x150.jpg\" alt=\"\" width=\"150\" height=\"150\" srcset=\"https:\/\/theatre-en-liberte.com\/blog\/wp-content\/uploads\/commemoration-11-novembre-02-150x150.jpg 150w, https:\/\/theatre-en-liberte.com\/blog\/wp-content\/uploads\/commemoration-11-novembre-02-160x160.jpg 160w, https:\/\/theatre-en-liberte.com\/blog\/wp-content\/uploads\/commemoration-11-novembre-02-320x320.jpg 320w\" sizes=\"auto, (max-width: 150px) 100vw, 150px\" \/><\/a> <a href=\"http:\/\/theatre-en-liberte.com\/blog\/wp-content\/uploads\/commemoration-11-novembre-04.jpg\"><img loading=\"lazy\" decoding=\"async\" class=\"alignnone size-thumbnail wp-image-5722\" src=\"http:\/\/theatre-en-liberte.com\/blog\/wp-content\/uploads\/commemoration-11-novembre-04-150x150.jpg\" alt=\"\" width=\"150\" height=\"150\" srcset=\"https:\/\/theatre-en-liberte.com\/blog\/wp-content\/uploads\/commemoration-11-novembre-04-150x150.jpg 150w, https:\/\/theatre-en-liberte.com\/blog\/wp-content\/uploads\/commemoration-11-novembre-04-160x160.jpg 160w, https:\/\/theatre-en-liberte.com\/blog\/wp-content\/uploads\/commemoration-11-novembre-04-320x320.jpg 320w\" sizes=\"auto, (max-width: 150px) 100vw, 150px\" \/><\/a> <a href=\"http:\/\/theatre-en-liberte.com\/blog\/wp-content\/uploads\/commemoration-11-novembre-01.jpg\"><img loading=\"lazy\" decoding=\"async\" class=\"alignnone size-thumbnail wp-image-5719\" src=\"http:\/\/theatre-en-liberte.com\/blog\/wp-content\/uploads\/commemoration-11-novembre-01-150x150.jpg\" alt=\"\" width=\"150\" height=\"150\" srcset=\"https:\/\/theatre-en-liberte.com\/blog\/wp-content\/uploads\/commemoration-11-novembre-01-150x150.jpg 150w, https:\/\/theatre-en-liberte.com\/blog\/wp-content\/uploads\/commemoration-11-novembre-01-160x160.jpg 160w, https:\/\/theatre-en-liberte.com\/blog\/wp-content\/uploads\/commemoration-11-novembre-01-320x320.jpg 320w\" sizes=\"auto, (max-width: 150px) 100vw, 150px\" \/><\/a> <a href=\"http:\/\/theatre-en-liberte.com\/blog\/wp-content\/uploads\/commemoration-11-novembre-03.jpg\"><img loading=\"lazy\" decoding=\"async\" class=\"alignnone size-thumbnail wp-image-5721\" src=\"http:\/\/theatre-en-liberte.com\/blog\/wp-content\/uploads\/commemoration-11-novembre-03-150x150.jpg\" alt=\"\" width=\"150\" height=\"150\" srcset=\"https:\/\/theatre-en-liberte.com\/blog\/wp-content\/uploads\/commemoration-11-novembre-03-150x150.jpg 150w, https:\/\/theatre-en-liberte.com\/blog\/wp-content\/uploads\/commemoration-11-novembre-03-160x160.jpg 160w, https:\/\/theatre-en-liberte.com\/blog\/wp-content\/uploads\/commemoration-11-novembre-03-320x320.jpg 320w\" sizes=\"auto, (max-width: 150px) 100vw, 150px\" \/><\/a><\/p>\n<p><a href=\"http:\/\/theatre-en-liberte.com\/blog\/wp-content\/uploads\/2018-10-08-ouest-france.jpg\"><img loading=\"lazy\" decoding=\"async\" class=\"alignnone size-full wp-image-5669\" src=\"http:\/\/theatre-en-liberte.com\/blog\/wp-content\/uploads\/2018-10-08-ouest-france.jpg\" alt=\"\" width=\"1600\" height=\"1556\" srcset=\"https:\/\/theatre-en-liberte.com\/blog\/wp-content\/uploads\/2018-10-08-ouest-france.jpg 1600w, https:\/\/theatre-en-liberte.com\/blog\/wp-content\/uploads\/2018-10-08-ouest-france-300x292.jpg 300w, https:\/\/theatre-en-liberte.com\/blog\/wp-content\/uploads\/2018-10-08-ouest-france-768x747.jpg 768w, https:\/\/theatre-en-liberte.com\/blog\/wp-content\/uploads\/2018-10-08-ouest-france-700x681.jpg 700w, https:\/\/theatre-en-liberte.com\/blog\/wp-content\/uploads\/2018-10-08-ouest-france-600x584.jpg 600w, https:\/\/theatre-en-liberte.com\/blog\/wp-content\/uploads\/2018-10-08-ouest-france-288x280.jpg 288w\" sizes=\"auto, (max-width: 1600px) 100vw, 1600px\" \/><\/a><\/p>\n<p><a href=\"http:\/\/theatre-en-liberte.com\/blog\/wp-content\/uploads\/2018-10-01-ouest-france.jpg\"><br \/>\n<img loading=\"lazy\" decoding=\"async\" class=\"aligncenter wp-image-5657 size-full\" src=\"http:\/\/theatre-en-liberte.com\/blog\/wp-content\/uploads\/2018-10-01-ouest-france.jpg\" alt=\"\" width=\"1600\" height=\"772\" srcset=\"https:\/\/theatre-en-liberte.com\/blog\/wp-content\/uploads\/2018-10-01-ouest-france.jpg 1600w, https:\/\/theatre-en-liberte.com\/blog\/wp-content\/uploads\/2018-10-01-ouest-france-300x145.jpg 300w, https:\/\/theatre-en-liberte.com\/blog\/wp-content\/uploads\/2018-10-01-ouest-france-768x371.jpg 768w, https:\/\/theatre-en-liberte.com\/blog\/wp-content\/uploads\/2018-10-01-ouest-france-700x338.jpg 700w, https:\/\/theatre-en-liberte.com\/blog\/wp-content\/uploads\/2018-10-01-ouest-france-600x290.jpg 600w, https:\/\/theatre-en-liberte.com\/blog\/wp-content\/uploads\/2018-10-01-ouest-france-580x280.jpg 580w\" sizes=\"auto, (max-width: 1600px) 100vw, 1600px\" \/><\/a><em>Ouest-France, octobre 2018<\/em><\/p>\n<p>&nbsp;<\/p>\n<p style=\"text-align: center;\"><a href=\"http:\/\/theatre-en-liberte.com\/blog\/wp-content\/uploads\/IMAG2010.jpg\"><img loading=\"lazy\" decoding=\"async\" class=\"alignnone size-medium wp-image-5662\" src=\"http:\/\/theatre-en-liberte.com\/blog\/wp-content\/uploads\/IMAG2010-300x168.jpg\" alt=\"\" width=\"300\" height=\"168\" srcset=\"https:\/\/theatre-en-liberte.com\/blog\/wp-content\/uploads\/IMAG2010-300x168.jpg 300w, https:\/\/theatre-en-liberte.com\/blog\/wp-content\/uploads\/IMAG2010-768x429.jpg 768w, https:\/\/theatre-en-liberte.com\/blog\/wp-content\/uploads\/IMAG2010-700x391.jpg 700w, https:\/\/theatre-en-liberte.com\/blog\/wp-content\/uploads\/IMAG2010-600x335.jpg 600w, https:\/\/theatre-en-liberte.com\/blog\/wp-content\/uploads\/IMAG2010-501x280.jpg 501w, https:\/\/theatre-en-liberte.com\/blog\/wp-content\/uploads\/IMAG2010.jpg 1600w\" sizes=\"auto, (max-width: 300px) 100vw, 300px\" \/><\/a>\u00a0\u00a0<a href=\"http:\/\/theatre-en-liberte.com\/blog\/wp-content\/uploads\/IMAG2005.jpg\"><img loading=\"lazy\" decoding=\"async\" class=\"alignnone size-medium wp-image-5660\" src=\"http:\/\/theatre-en-liberte.com\/blog\/wp-content\/uploads\/IMAG2005-300x168.jpg\" alt=\"\" width=\"300\" height=\"168\" srcset=\"https:\/\/theatre-en-liberte.com\/blog\/wp-content\/uploads\/IMAG2005-300x168.jpg 300w, https:\/\/theatre-en-liberte.com\/blog\/wp-content\/uploads\/IMAG2005-768x429.jpg 768w, https:\/\/theatre-en-liberte.com\/blog\/wp-content\/uploads\/IMAG2005-700x391.jpg 700w, https:\/\/theatre-en-liberte.com\/blog\/wp-content\/uploads\/IMAG2005-600x335.jpg 600w, https:\/\/theatre-en-liberte.com\/blog\/wp-content\/uploads\/IMAG2005-501x280.jpg 501w, https:\/\/theatre-en-liberte.com\/blog\/wp-content\/uploads\/IMAG2005.jpg 1600w\" sizes=\"auto, (max-width: 300px) 100vw, 300px\" \/><\/a> <a href=\"http:\/\/theatre-en-liberte.com\/blog\/wp-content\/uploads\/IMAG2004.jpg\"><img loading=\"lazy\" decoding=\"async\" class=\"alignnone size-medium wp-image-5659\" src=\"http:\/\/theatre-en-liberte.com\/blog\/wp-content\/uploads\/IMAG2004-300x168.jpg\" alt=\"\" width=\"300\" height=\"168\" srcset=\"https:\/\/theatre-en-liberte.com\/blog\/wp-content\/uploads\/IMAG2004-300x168.jpg 300w, https:\/\/theatre-en-liberte.com\/blog\/wp-content\/uploads\/IMAG2004-768x429.jpg 768w, https:\/\/theatre-en-liberte.com\/blog\/wp-content\/uploads\/IMAG2004-700x391.jpg 700w, https:\/\/theatre-en-liberte.com\/blog\/wp-content\/uploads\/IMAG2004-600x335.jpg 600w, https:\/\/theatre-en-liberte.com\/blog\/wp-content\/uploads\/IMAG2004-501x280.jpg 501w, https:\/\/theatre-en-liberte.com\/blog\/wp-content\/uploads\/IMAG2004.jpg 1600w\" sizes=\"auto, (max-width: 300px) 100vw, 300px\" \/><\/a><\/p>\n<p style=\"text-align: center;\"><a href=\"http:\/\/theatre-en-liberte.com\/blog\/wp-content\/uploads\/IMAG2002.jpg\"><img loading=\"lazy\" decoding=\"async\" class=\"alignnone size-medium wp-image-5658\" src=\"http:\/\/theatre-en-liberte.com\/blog\/wp-content\/uploads\/IMAG2002-168x300.jpg\" alt=\"\" width=\"168\" height=\"300\" srcset=\"https:\/\/theatre-en-liberte.com\/blog\/wp-content\/uploads\/IMAG2002-168x300.jpg 168w, https:\/\/theatre-en-liberte.com\/blog\/wp-content\/uploads\/IMAG2002-768x1374.jpg 768w, https:\/\/theatre-en-liberte.com\/blog\/wp-content\/uploads\/IMAG2002-700x1253.jpg 700w, https:\/\/theatre-en-liberte.com\/blog\/wp-content\/uploads\/IMAG2002-600x1074.jpg 600w, https:\/\/theatre-en-liberte.com\/blog\/wp-content\/uploads\/IMAG2002-156x280.jpg 156w, https:\/\/theatre-en-liberte.com\/blog\/wp-content\/uploads\/IMAG2002.jpg 894w\" sizes=\"auto, (max-width: 168px) 100vw, 168px\" \/><\/a>\u00a0 <a href=\"http:\/\/theatre-en-liberte.com\/blog\/wp-content\/uploads\/IMAG2008.jpg\"><img loading=\"lazy\" decoding=\"async\" class=\"alignnone size-medium wp-image-5661\" src=\"http:\/\/theatre-en-liberte.com\/blog\/wp-content\/uploads\/IMAG2008-168x300.jpg\" alt=\"\" width=\"168\" height=\"300\" srcset=\"https:\/\/theatre-en-liberte.com\/blog\/wp-content\/uploads\/IMAG2008-168x300.jpg 168w, https:\/\/theatre-en-liberte.com\/blog\/wp-content\/uploads\/IMAG2008-768x1374.jpg 768w, https:\/\/theatre-en-liberte.com\/blog\/wp-content\/uploads\/IMAG2008-700x1253.jpg 700w, https:\/\/theatre-en-liberte.com\/blog\/wp-content\/uploads\/IMAG2008-600x1074.jpg 600w, https:\/\/theatre-en-liberte.com\/blog\/wp-content\/uploads\/IMAG2008-156x280.jpg 156w, https:\/\/theatre-en-liberte.com\/blog\/wp-content\/uploads\/IMAG2008.jpg 894w\" sizes=\"auto, (max-width: 168px) 100vw, 168px\" \/><\/a><\/p>\n<p>Toutes les informations sur le site de la Ville de Vertou :<br \/>\n<a href=\"http:\/\/www.vertou.fr\/fr\/actualite\/153672\/centenaire-premiere-guerre-mondiale-la\">http:\/\/www.vertou.fr\/fr\/actualite\/153672\/centenaire-premiere-guerre-mondiale-la<\/a><\/p>\n<p>&nbsp;<\/p>\n","protected":false},"excerpt":{"rendered":"<p>Du 16 octobre au 11 novembre 2018 , Vertou a comm\u00e9mor\u00e9 le centenaire de la Premi\u00e8re Guerre mondiale. Exposition, th\u00e9\u00e2tre, cin\u00e9ma et comm\u00e9moration \u00e9taient au programme et ont retrac\u00e9 cette p\u00e9riode sombre de l\u2019histoire&#46;&#46;&#46;<\/p>\n","protected":false},"author":1,"featured_media":5722,"comment_status":"open","ping_status":"closed","sticky":false,"template":"","format":"standard","meta":{"_monsterinsights_skip_tracking":false,"_monsterinsights_sitenote_active":false,"_monsterinsights_sitenote_note":"","_monsterinsights_sitenote_category":0,"footnotes":""},"categories":[30],"tags":[],"class_list":["post-5656","post","type-post","status-publish","format-standard","has-post-thumbnail","hentry","category-dans-le-vif"],"_links":{"self":[{"href":"https:\/\/theatre-en-liberte.com\/blog\/wp-json\/wp\/v2\/posts\/5656","targetHints":{"allow":["GET"]}}],"collection":[{"href":"https:\/\/theatre-en-liberte.com\/blog\/wp-json\/wp\/v2\/posts"}],"about":[{"href":"https:\/\/theatre-en-liberte.com\/blog\/wp-json\/wp\/v2\/types\/post"}],"author":[{"embeddable":true,"href":"https:\/\/theatre-en-liberte.com\/blog\/wp-json\/wp\/v2\/users\/1"}],"replies":[{"embeddable":true,"href":"https:\/\/theatre-en-liberte.com\/blog\/wp-json\/wp\/v2\/comments?post=5656"}],"version-history":[{"count":10,"href":"https:\/\/theatre-en-liberte.com\/blog\/wp-json\/wp\/v2\/posts\/5656\/revisions"}],"predecessor-version":[{"id":5724,"href":"https:\/\/theatre-en-liberte.com\/blog\/wp-json\/wp\/v2\/posts\/5656\/revisions\/5724"}],"wp:featuredmedia":[{"embeddable":true,"href":"https:\/\/theatre-en-liberte.com\/blog\/wp-json\/wp\/v2\/media\/5722"}],"wp:attachment":[{"href":"https:\/\/theatre-en-liberte.com\/blog\/wp-json\/wp\/v2\/media?parent=5656"}],"wp:term":[{"taxonomy":"category","embeddable":true,"href":"https:\/\/theatre-en-liberte.com\/blog\/wp-json\/wp\/v2\/categories?post=5656"},{"taxonomy":"post_tag","embeddable":true,"href":"https:\/\/theatre-en-liberte.com\/blog\/wp-json\/wp\/v2\/tags?post=5656"}],"curies":[{"name":"wp","href":"https:\/\/api.w.org\/{rel}","templated":true}]}}