{"id":947,"date":"2013-10-01T09:00:17","date_gmt":"2013-10-01T07:00:17","guid":{"rendered":"http:\/\/theatre-en-liberte.com\/blog\/?p=947"},"modified":"2013-10-03T15:32:27","modified_gmt":"2013-10-03T13:32:27","slug":"theatre-moins-2-de-samuel-benchetrit","status":"publish","type":"post","link":"https:\/\/theatre-en-liberte.com\/blog\/theatre-moins-2-de-samuel-benchetrit\/","title":{"rendered":"Th\u00e9\u00e2tre : Moins 2, de Samuel Benchetrit"},"content":{"rendered":"<p>Dans Ouest France, le mardi 1er octobre 2013\u2026<\/p>\n<blockquote><p>L&rsquo;association Art et Culture \u00e0 Pornic, l&rsquo;Acap, propose samedi 5 octobre, une pi\u00e8ce qui d&rsquo;apr\u00e8s les responsables pornicais est <strong>\u00ab une petite merveille \u00bb : Moins 2 de Samuel Benchetrit, par la troupe Le Th\u00e9\u00e2tre en libert\u00e9 de Vertou. Tr\u00e8s bien jou\u00e9e, avec une \u00e9conomie de d\u00e9cor et de mises en sc\u00e8ne, cela est tr\u00e8s efficace. Malgr\u00e9 un sujet a priori noir, l&rsquo;humour des dialogues et les situations d\u00e9clenchent sans r\u00e9serves les rires dans la salle \u00bb<\/strong>. La troupe qui la joue a \u00e9t\u00e9 prim\u00e9e deux fois au Festival du Th\u00e9\u00e2tre amateur de Loire-Atlantique et des Pays de la Loire.<\/p><\/blockquote>\n","protected":false},"excerpt":{"rendered":"<p>Dans Ouest France, le mardi 1er octobre 2013\u2026 L&rsquo;association Art et Culture \u00e0 Pornic, l&rsquo;Acap, propose samedi 5 octobre, une pi\u00e8ce qui d&rsquo;apr\u00e8s les responsables pornicais est \u00ab une petite merveille \u00bb : Moins&#46;&#46;&#46;<\/p>\n","protected":false},"author":1,"featured_media":949,"comment_status":"open","ping_status":"open","sticky":false,"template":"","format":"standard","meta":{"_monsterinsights_skip_tracking":false,"_monsterinsights_sitenote_active":false,"_monsterinsights_sitenote_note":"","_monsterinsights_sitenote_category":0,"footnotes":""},"categories":[2,17],"tags":[],"class_list":["post-947","post","type-post","status-publish","format-standard","has-post-thumbnail","hentry","category-moins-2","category-presse"],"_links":{"self":[{"href":"https:\/\/theatre-en-liberte.com\/blog\/wp-json\/wp\/v2\/posts\/947","targetHints":{"allow":["GET"]}}],"collection":[{"href":"https:\/\/theatre-en-liberte.com\/blog\/wp-json\/wp\/v2\/posts"}],"about":[{"href":"https:\/\/theatre-en-liberte.com\/blog\/wp-json\/wp\/v2\/types\/post"}],"author":[{"embeddable":true,"href":"https:\/\/theatre-en-liberte.com\/blog\/wp-json\/wp\/v2\/users\/1"}],"replies":[{"embeddable":true,"href":"https:\/\/theatre-en-liberte.com\/blog\/wp-json\/wp\/v2\/comments?post=947"}],"version-history":[{"count":1,"href":"https:\/\/theatre-en-liberte.com\/blog\/wp-json\/wp\/v2\/posts\/947\/revisions"}],"predecessor-version":[{"id":948,"href":"https:\/\/theatre-en-liberte.com\/blog\/wp-json\/wp\/v2\/posts\/947\/revisions\/948"}],"wp:featuredmedia":[{"embeddable":true,"href":"https:\/\/theatre-en-liberte.com\/blog\/wp-json\/wp\/v2\/media\/949"}],"wp:attachment":[{"href":"https:\/\/theatre-en-liberte.com\/blog\/wp-json\/wp\/v2\/media?parent=947"}],"wp:term":[{"taxonomy":"category","embeddable":true,"href":"https:\/\/theatre-en-liberte.com\/blog\/wp-json\/wp\/v2\/categories?post=947"},{"taxonomy":"post_tag","embeddable":true,"href":"https:\/\/theatre-en-liberte.com\/blog\/wp-json\/wp\/v2\/tags?post=947"}],"curies":[{"name":"wp","href":"https:\/\/api.w.org\/{rel}","templated":true}]}}